{"id":240295,"date":"2025-07-30T15:30:00","date_gmt":"2025-07-30T18:30:00","guid":{"rendered":"https:\/\/portalpopmais.com.br\/?p=240295"},"modified":"2025-07-30T13:41:33","modified_gmt":"2025-07-30T16:41:33","slug":"netflix-revela-imagens-de-drama-com-rodrigo-santoro","status":"publish","type":"post","link":"https:\/\/portalpopmais.com.br\/en\/netflix-revela-imagens-de-drama-com-rodrigo-santoro\/","title":{"rendered":"Netflix revela imagens de drama com Rodrigo Santoro"},"content":{"rendered":"<p>A Netflix liberou, nesta quarta-feira (30), as primeiras imagens (veja abaixo) de <em>O Filho de Mil Homens<\/em>, adapta\u00e7\u00e3o do livro de sucesso do escritor portugu\u00eas Valter Hugo M\u00e3e. A pr\u00e9via j\u00e1 d\u00e1 uma ideia da emo\u00e7\u00e3o que vem por a\u00ed no filme, previsto para estrear globalmente em 2025. A produ\u00e7\u00e3o \u00e9 estrelada por Rodrigo Santoro e tem dire\u00e7\u00e3o e roteiro de Daniel Rezende, conhecido por trabalhos como <em>Bingo: O Rei das Manh\u00e3s<\/em> e <em>Turma da M\u00f4nica: La\u00e7os<\/em>.<\/p>\n\n\n\n<p>Essa \u00e9 a primeira vez que uma obra de Valter Hugo M\u00e3e \u00e9 adaptada para o cinema. Na hist\u00f3ria, Santoro vive Cris\u00f3stomo, um pescador solit\u00e1rio que sonha em ter um filho. A vida dele toma um novo rumo quando ele encontra Camilo, um menino \u00f3rf\u00e3o interpretado por Miguel Martines, que ele decide acolher. No caminho, eles cruzam com Isaura (Rebeca Jamir), que tenta lidar com sua pr\u00f3pria dor, e Antonino (Johnny Massaro), um jovem \u00e0 margem. Juntos, eles constroem um novo tipo de fam\u00edlia, unida pelo afeto e pela vontade de seguir em frente.<\/p>\n\n\n\n<p>O elenco tamb\u00e9m conta com nomes como Antonio Haddad, Carlos Francisco, Grace Pass\u00f4, Inez Viana, Juliana Caldas, L\u00edvia Silva, Marcello Escorel e Tuna Dwek. A produ\u00e7\u00e3o \u00e9 da Bi\u00f4nica Filmes em parceria com a Barry Company.<\/p>\n\n\n\n<div class=\"wp-block-jetpack-slideshow aligncenter\" data-effect=\"slide\" style=\"--aspect-ratio:calc(2560 \/ 1440)\"><div class=\"wp-block-jetpack-slideshow_container swiper-container\"><ul class=\"wp-block-jetpack-slideshow_swiper-wrapper swiper-wrapper\"><li class=\"wp-block-jetpack-slideshow_slide swiper-slide\"><figure><img loading=\"lazy\" decoding=\"async\" width=\"2560\" height=\"1440\" alt=\"\" class=\"wp-block-jetpack-slideshow_image wp-image-240302\" data-id=\"240302\" data-aspect-ratio=\"2560 \/ 1440\" src=\"https:\/\/portalpopmais.com.br\/wp-content\/uploads\/2025\/07\/O-Filho-de-Mil-Homens-6.png\" title=\"\"><figcaption class=\"wp-block-jetpack-slideshow_caption gallery-caption\">Divulga\u00e7\u00e3o \/ Netflix<\/figcaption><\/figure><\/li><li class=\"wp-block-jetpack-slideshow_slide swiper-slide\"><figure><img loading=\"lazy\" decoding=\"async\" width=\"2560\" height=\"1440\" alt=\"\" class=\"wp-block-jetpack-slideshow_image wp-image-240301\" data-id=\"240301\" data-aspect-ratio=\"2560 \/ 1440\" src=\"https:\/\/portalpopmais.com.br\/wp-content\/uploads\/2025\/07\/O-Filho-de-Mil-Homens-5.png\" title=\"\"><figcaption class=\"wp-block-jetpack-slideshow_caption gallery-caption\">Divulga\u00e7\u00e3o \/ Netflix<\/figcaption><\/figure><\/li><li class=\"wp-block-jetpack-slideshow_slide swiper-slide\"><figure><img loading=\"lazy\" decoding=\"async\" width=\"2560\" height=\"1440\" alt=\"\" class=\"wp-block-jetpack-slideshow_image wp-image-240300\" data-id=\"240300\" data-aspect-ratio=\"2560 \/ 1440\" src=\"https:\/\/portalpopmais.com.br\/wp-content\/uploads\/2025\/07\/O-Filho-de-Mil-Homens-3.png\" title=\"\"><figcaption class=\"wp-block-jetpack-slideshow_caption gallery-caption\">Divulga\u00e7\u00e3o \/ Netflix<\/figcaption><\/figure><\/li><li class=\"wp-block-jetpack-slideshow_slide swiper-slide\"><figure><img loading=\"lazy\" decoding=\"async\" width=\"2560\" height=\"1440\" alt=\"\" class=\"wp-block-jetpack-slideshow_image wp-image-240299\" data-id=\"240299\" data-aspect-ratio=\"2560 \/ 1440\" src=\"https:\/\/portalpopmais.com.br\/wp-content\/uploads\/2025\/07\/O-Filho-de-Mil-Homens-2.png\" title=\"\"><figcaption class=\"wp-block-jetpack-slideshow_caption gallery-caption\">Divulga\u00e7\u00e3o \/ Netflix<\/figcaption><\/figure><\/li><li class=\"wp-block-jetpack-slideshow_slide swiper-slide\"><figure><img loading=\"lazy\" decoding=\"async\" width=\"2560\" height=\"1440\" alt=\"\" class=\"wp-block-jetpack-slideshow_image wp-image-240303\" data-id=\"240303\" data-aspect-ratio=\"2560 \/ 1440\" src=\"https:\/\/portalpopmais.com.br\/wp-content\/uploads\/2025\/07\/O-Filho-de-Mil-Homens-1.png\" title=\"\"><figcaption class=\"wp-block-jetpack-slideshow_caption gallery-caption\">Divulga\u00e7\u00e3o \/ Netflix<\/figcaption><\/figure><\/li><\/ul><a class=\"wp-block-jetpack-slideshow_button-prev swiper-button-prev swiper-button-white\" role=\"button\"><\/a><a class=\"wp-block-jetpack-slideshow_button-next swiper-button-next swiper-button-white\" role=\"button\"><\/a><a aria-label=\"Pause Slideshow\" class=\"wp-block-jetpack-slideshow_button-pause\" role=\"button\"><\/a><div class=\"wp-block-jetpack-slideshow_pagination swiper-pagination swiper-pagination-white\"><\/div><\/div><\/div>\n\n\n\n<p>As grava\u00e7\u00f5es aconteceram em locais de tirar o f\u00f4lego: entre as praias de B\u00fazios, no litoral do Rio de Janeiro, e as paisagens da Chapada Diamantina, na Bahia. As imagens reveladas mostram a caracteriza\u00e7\u00e3o dos personagens e refor\u00e7am o tom sens\u00edvel e humano que a hist\u00f3ria promete entregar.<\/p>\n\n\n\n<p>A exposi\u00e7\u00e3o com os materiais in\u00e9ditos poder\u00e1 ser conferida a partir desta quinta-feira (31), na casa liter\u00e1ria Esquina piau\u00ed + Netflix, durante a 23\u00aa edi\u00e7\u00e3o da Flip, a Festa Liter\u00e1ria Internacional de Paraty. O evento tamb\u00e9m vai contar com um encontro especial entre o autor do livro, Valter Hugo M\u00e3e, o diretor Daniel Rezende e a l\u00edder de filmes da Netflix Brasil, Higia Ikeda, que v\u00e3o conversar sobre o processo de adapta\u00e7\u00e3o da obra para as telas.<\/p>\n\n\n\n<p>Com uma hist\u00f3ria que fala sobre recome\u00e7os, pertencimento e afeto, <em>O Filho de Mil Homens<\/em> promete emocionar, e as primeiras imagens j\u00e1 s\u00e3o um convite para esse mergulho no que realmente nos conecta como humanos.<\/p>","protected":false},"excerpt":{"rendered":"<p>A Netflix liberou, nesta quarta-feira (30), as primeiras imagens (veja abaixo) de O Filho de Mil Homens, adapta\u00e7\u00e3o do livro de sucesso do escritor portugu\u00eas Valter Hugo M\u00e3e. A pr\u00e9via j\u00e1 d\u00e1 uma ideia da emo\u00e7\u00e3o que vem por a\u00ed no filme, previsto para estrear globalmente em 2025. A produ\u00e7\u00e3o \u00e9 estrelada por Rodrigo Santoro [&hellip;]<\/p>\n","protected":false},"author":38,"featured_media":240303,"comment_status":"closed","ping_status":"closed","sticky":false,"template":"","format":"standard","meta":{"footnotes":""},"categories":[174],"tags":[1089,7308],"class_list":["post-240295","post","type-post","status-publish","format-standard","has-post-thumbnail","hentry","category-filmes-series","tag-filmes","tag-series"],"_links":{"self":[{"href":"https:\/\/portalpopmais.com.br\/en\/wp-json\/wp\/v2\/posts\/240295","targetHints":{"allow":["GET"]}}],"collection":[{"href":"https:\/\/portalpopmais.com.br\/en\/wp-json\/wp\/v2\/posts"}],"about":[{"href":"https:\/\/portalpopmais.com.br\/en\/wp-json\/wp\/v2\/types\/post"}],"author":[{"embeddable":true,"href":"https:\/\/portalpopmais.com.br\/en\/wp-json\/wp\/v2\/users\/38"}],"replies":[{"embeddable":true,"href":"https:\/\/portalpopmais.com.br\/en\/wp-json\/wp\/v2\/comments?post=240295"}],"version-history":[{"count":0,"href":"https:\/\/portalpopmais.com.br\/en\/wp-json\/wp\/v2\/posts\/240295\/revisions"}],"wp:featuredmedia":[{"embeddable":true,"href":"https:\/\/portalpopmais.com.br\/en\/wp-json\/wp\/v2\/media\/240303"}],"wp:attachment":[{"href":"https:\/\/portalpopmais.com.br\/en\/wp-json\/wp\/v2\/media?parent=240295"}],"wp:term":[{"taxonomy":"category","embeddable":true,"href":"https:\/\/portalpopmais.com.br\/en\/wp-json\/wp\/v2\/categories?post=240295"},{"taxonomy":"post_tag","embeddable":true,"href":"https:\/\/portalpopmais.com.br\/en\/wp-json\/wp\/v2\/tags?post=240295"}],"curies":[{"name":"wp","href":"https:\/\/api.w.org\/{rel}","templated":true}]}}