{"id":240709,"date":"2025-07-31T15:52:53","date_gmt":"2025-07-31T18:52:53","guid":{"rendered":"https:\/\/portalpopmais.com.br\/?p=240709"},"modified":"2025-07-31T15:52:56","modified_gmt":"2025-07-31T18:52:56","slug":"lexa-desejo-engravidar-novamente","status":"publish","type":"post","link":"https:\/\/portalpopmais.com.br\/en\/lexa-desejo-engravidar-novamente\/","title":{"rendered":"Lexa fala sobre desejo de engravidar novamente: &#8216;O maior sonho da minha vida&#8217;"},"content":{"rendered":"<p>A cantora <strong><a href=\"https:\/\/portalpopmais.com.br\/en\/trends\/lexa\/\" data-type=\"post_tag\" data-id=\"702\">Lexa<\/a><\/strong> voltou a falar com o p\u00fablico, nesta quinta-feira (31), sobre seu desejo de engravidar novamente. Em fevereiro, ela deu \u00e0 luz a pequena Sofia, que faleceu tr\u00eas dias ap\u00f3s o nascimento em decorr\u00eancia de uma pr\u00e9-ecl\u00e2mpsia precoce \u2014 uma condi\u00e7\u00e3o grave que afeta a press\u00e3o arterial durante a gesta\u00e7\u00e3o. Por meio dos Stories no Instagram, a artista destacou que ser m\u00e3e ainda \u00e9 um grande sonho, embora exija cuidados especiais.<\/p>\n\n\n\n<p>\u201cSer m\u00e3e \u00e9 o maior sonho da minha vida, de ter um colo cheio. Mas pra isso, eu preciso estar preparada, preciso ter autoriza\u00e7\u00e3o m\u00e9dica. Vou orar muito para esse momento chegar\u201d, afirmou.<\/p>\n\n\n\n<p>Lexa foi internada em janeiro, no Hospital e Maternidade Santa Joana, em S\u00e3o Paulo, ap\u00f3s ser diagnosticada com a s\u00edndrome de HELLP, uma complica\u00e7\u00e3o grave da pr\u00e9-ecl\u00e2mpsia que pode afetar \u00f3rg\u00e3os como o f\u00edgado e comprometer a contagem de plaquetas. A pequena Sofia, fruto do seu relacionamento com o ator Ricardo Vianna, nasceu no dia 2 de fevereiro, mas n\u00e3o resistiu. Nas redes sociais, Lexa compartilhou um desabafo emocionante, ela falou sobre o luto e a dor da da despedida.<\/p>\n\n\n\n<p>\u201cParece que cada p\u00e1 de terra no seu enterro levava meus sonhos junto. Voc\u00ea sempre ser\u00e1 minha SOSSO. Sei que um dia vamos nos reencontrar em um lugar lindo\u201d, escreveu.<\/p>\n\n\n\n<p>A cantora ainda revelou detalhes dos 17 dias internada. \u201cForam mais de 100 tubos de sangue, tr\u00eas dias na UTI, sulfatando e lutando pelas nossas vidas. Na \u00faltima noite gr\u00e1vida, eu n\u00e3o conseguia dormir, mas voc\u00ea mexeu a noite toda, me acalmando como ningu\u00e9m\u201d, desabafou.<\/p>","protected":false},"excerpt":{"rendered":"<p>A cantora Lexa voltou a falar com o p\u00fablico, nesta quinta-feira (31), sobre seu desejo de engravidar novamente. Em fevereiro, ela deu \u00e0 luz a pequena Sofia, que faleceu tr\u00eas dias ap\u00f3s o nascimento em decorr\u00eancia de uma pr\u00e9-ecl\u00e2mpsia precoce \u2014 uma condi\u00e7\u00e3o grave que afeta a press\u00e3o arterial durante a gesta\u00e7\u00e3o. Por meio dos [&hellip;]<\/p>\n","protected":false},"author":2,"featured_media":224350,"comment_status":"closed","ping_status":"closed","sticky":false,"template":"","format":"standard","meta":{"footnotes":""},"categories":[173],"tags":[702],"class_list":["post-240709","post","type-post","status-publish","format-standard","has-post-thumbnail","hentry","category-celebridades","tag-lexa"],"_links":{"self":[{"href":"https:\/\/portalpopmais.com.br\/en\/wp-json\/wp\/v2\/posts\/240709","targetHints":{"allow":["GET"]}}],"collection":[{"href":"https:\/\/portalpopmais.com.br\/en\/wp-json\/wp\/v2\/posts"}],"about":[{"href":"https:\/\/portalpopmais.com.br\/en\/wp-json\/wp\/v2\/types\/post"}],"author":[{"embeddable":true,"href":"https:\/\/portalpopmais.com.br\/en\/wp-json\/wp\/v2\/users\/2"}],"replies":[{"embeddable":true,"href":"https:\/\/portalpopmais.com.br\/en\/wp-json\/wp\/v2\/comments?post=240709"}],"version-history":[{"count":0,"href":"https:\/\/portalpopmais.com.br\/en\/wp-json\/wp\/v2\/posts\/240709\/revisions"}],"wp:featuredmedia":[{"embeddable":true,"href":"https:\/\/portalpopmais.com.br\/en\/wp-json\/wp\/v2\/media\/224350"}],"wp:attachment":[{"href":"https:\/\/portalpopmais.com.br\/en\/wp-json\/wp\/v2\/media?parent=240709"}],"wp:term":[{"taxonomy":"category","embeddable":true,"href":"https:\/\/portalpopmais.com.br\/en\/wp-json\/wp\/v2\/categories?post=240709"},{"taxonomy":"post_tag","embeddable":true,"href":"https:\/\/portalpopmais.com.br\/en\/wp-json\/wp\/v2\/tags?post=240709"}],"curies":[{"name":"wp","href":"https:\/\/api.w.org\/{rel}","templated":true}]}}