{"id":240867,"date":"2025-08-01T11:28:09","date_gmt":"2025-08-01T14:28:09","guid":{"rendered":"https:\/\/portalpopmais.com.br\/?p=240867"},"modified":"2025-08-01T11:35:46","modified_gmt":"2025-08-01T14:35:46","slug":"piora-estado-mauricio-silveira","status":"publish","type":"post","link":"https:\/\/portalpopmais.com.br\/en\/piora-estado-mauricio-silveira\/","title":{"rendered":"Em coma, ator Maur\u00edcio Silveira tem piora no estado de sa\u00fade"},"content":{"rendered":"<p>O ator <strong>Maur\u00edcio Silveira<\/strong>, de 48 anos, conhecido por novelas como <em>Cobras &amp; Lagartos<\/em> (2006), <em>Insensato Cora\u00e7\u00e3o<\/em> (2011) e <em>Reis<\/em> (2022), enfrenta momento delicado de sa\u00fade. Ele est\u00e1 internado em estado <strong>grave<\/strong>, sedado em <strong>coma induzido<\/strong>, ap\u00f3s complica\u00e7\u00f5es de uma cirurgia para a retirada de um tumor no intestino. A interna\u00e7\u00e3o ocorre no Hospital Municipal Louren\u00e7o Jorge, na Barra da Tijuca, no Rio de Janeiro, conforme informou a Secretaria Municipal de Sa\u00fade.<\/p>\n\n\n\n<p>A fam\u00edlia do artista se manifestou por meio das redes sociais e revelou que ele est\u00e1 precisando de doa\u00e7\u00f5es de sangue.<\/p>\n\n\n\n<p>&#8220;Infelizmente, hoje o quadro do Mauricio teve uma piora. Ele est\u00e1 precisando de doa\u00e7\u00e3o de sangue com urg\u00eancia. Qualquer tipo sangu\u00edneo \u00e9 v\u00e1lido. Quem, por quest\u00f5es de sa\u00fade, n\u00e3o puder ou quiser doar, repassa esse v\u00eddeo para quem possa. Isso tamb\u00e9m j\u00e1 est\u00e1 ajudando para caramba. Conto com voc\u00eas. Bora juntos, ele vai sair dessa&#8221;, falou Alessandra Xavier em v\u00eddeo publicado no perfil do ator.<\/p>\n\n\n\n<h3 class=\"wp-block-heading\">Comunicado da fam\u00edlia<\/h3>\n\n\n\n<p>Em nota, a fam\u00edlia pediu ora\u00e7\u00f5es e atualizou o estado de sa\u00fade do ator em comunicado compartilhado no perfil dele no Instagram no in\u00edcio da semana.<\/p>\n\n\n\n<p><em>&#8220;A fam\u00edlia do Mauricio vem, por meio desta, agradecer profundamente por toda a corrente de amor e carinho que vem sendo direcionada a ele&#8221;, inicia a nota, que continua: &#8220;Ele passou por uma cirurgia para a retirada de um tumor no intestino, que ainda est\u00e1 em fase de investiga\u00e7\u00e3o. No entanto, houve uma complica\u00e7\u00e3o no p\u00f3s-operat\u00f3rio, o que exigiu uma nova interven\u00e7\u00e3o cir\u00fargica. Neste momento, Mauricio encontra-se em coma induzido, como parte do tratamento para conter uma infec\u00e7\u00e3o&#8221;.<\/em><\/p>","protected":false},"excerpt":{"rendered":"<p>O ator Maur\u00edcio Silveira, de 48 anos, conhecido por novelas como Cobras &amp; Lagartos (2006), Insensato Cora\u00e7\u00e3o (2011) e Reis (2022), enfrenta momento delicado de sa\u00fade. Ele est\u00e1 internado em estado grave, sedado em coma induzido, ap\u00f3s complica\u00e7\u00f5es de uma cirurgia para a retirada de um tumor no intestino. A interna\u00e7\u00e3o ocorre no Hospital Municipal [&hellip;]<\/p>\n","protected":false},"author":2,"featured_media":239776,"comment_status":"closed","ping_status":"closed","sticky":false,"template":"","format":"standard","meta":{"footnotes":""},"categories":[173],"tags":[18149],"class_list":["post-240867","post","type-post","status-publish","format-standard","has-post-thumbnail","hentry","category-celebridades","tag-mauricio-silveira"],"_links":{"self":[{"href":"https:\/\/portalpopmais.com.br\/en\/wp-json\/wp\/v2\/posts\/240867","targetHints":{"allow":["GET"]}}],"collection":[{"href":"https:\/\/portalpopmais.com.br\/en\/wp-json\/wp\/v2\/posts"}],"about":[{"href":"https:\/\/portalpopmais.com.br\/en\/wp-json\/wp\/v2\/types\/post"}],"author":[{"embeddable":true,"href":"https:\/\/portalpopmais.com.br\/en\/wp-json\/wp\/v2\/users\/2"}],"replies":[{"embeddable":true,"href":"https:\/\/portalpopmais.com.br\/en\/wp-json\/wp\/v2\/comments?post=240867"}],"version-history":[{"count":0,"href":"https:\/\/portalpopmais.com.br\/en\/wp-json\/wp\/v2\/posts\/240867\/revisions"}],"wp:featuredmedia":[{"embeddable":true,"href":"https:\/\/portalpopmais.com.br\/en\/wp-json\/wp\/v2\/media\/239776"}],"wp:attachment":[{"href":"https:\/\/portalpopmais.com.br\/en\/wp-json\/wp\/v2\/media?parent=240867"}],"wp:term":[{"taxonomy":"category","embeddable":true,"href":"https:\/\/portalpopmais.com.br\/en\/wp-json\/wp\/v2\/categories?post=240867"},{"taxonomy":"post_tag","embeddable":true,"href":"https:\/\/portalpopmais.com.br\/en\/wp-json\/wp\/v2\/tags?post=240867"}],"curies":[{"name":"wp","href":"https:\/\/api.w.org\/{rel}","templated":true}]}}