{"id":240977,"date":"2025-08-01T17:45:02","date_gmt":"2025-08-01T20:45:02","guid":{"rendered":"https:\/\/portalpopmais.com.br\/?p=240977"},"modified":"2025-08-01T19:01:44","modified_gmt":"2025-08-01T22:01:44","slug":"morre-dona-ana-mae-do-rapper-bk","status":"publish","type":"post","link":"https:\/\/portalpopmais.com.br\/en\/morre-dona-ana-mae-do-rapper-bk\/","title":{"rendered":"Morre dona Ana, m\u00e3e do rapper BK"},"content":{"rendered":"<p>Morreu, nesta sexta-feira (1\u00ba), Ana Cristina Costa Gomes, m\u00e3e do rapper BK\u2019, aos 58 anos. Doutora, pesquisadora e uma das fundadoras do Movimento de Mulheres Negras do Rio de Janeiro. A informa\u00e7\u00e3o foi confirmada pelo pr\u00f3prio artista em post nas redes sociais. A causa do falecimento n\u00e3o foi divulgada.<\/p>\n\n\n\n<p>Ana foi uma das vozes mais importantes nas lutas por justi\u00e7a racial, equidade de g\u00eanero e valoriza\u00e7\u00e3o da educa\u00e7\u00e3o como instrumento de transforma\u00e7\u00e3o social. Em abril deste ano, ela passou por um transplante de cora\u00e7\u00e3o, mobilizando redes de apoio e refor\u00e7ando a import\u00e2ncia da doa\u00e7\u00e3o de \u00f3rg\u00e3os.<\/p>\n\n\n\n<p>Confira o post do BK:<\/p>\n\n\n\n<p><em>Com profunda tristeza \u00e9 comunicado o falecimento de Ana Cristina Costa Gomes, que partiu na manh\u00e3 deste 01 de agosto.<\/em><\/p>\n\n\n\n<p><em>Doutora, pesquisadora, ativista e uma figura fundamental na luta por justi\u00e7a racial e de g\u00eanero, ela foi uma das fundadoras do Movimento de Mulheres Negras do Rio de Janeiro, dedicando sua vida \u00e0 luta por justi\u00e7a racial, educa\u00e7\u00e3o e dignidade para o povo negro \u2013 sempre com firmeza, generosidade e coragem. M\u00e3e de Abebe Bikila e Calebe, Ana Cristina foi refer\u00eancia dentro e fora de casa, construindo um legado poderoso ensinando aos filhos a honrarem sua hist\u00f3ria, sua ancestralidade e seus nomes.<\/em><\/p>\n\n\n\n<p><em>Em abril deste ano, Ana Cristina enfrentou corajosamente um transplante de cora\u00e7\u00e3o que sensibilizou a todos para a import\u00e2ncia da doa\u00e7\u00e3o de \u00f3rg\u00e3os. Sua partida deixa um vazio enorme mas tamb\u00e9m um legado vivo, presente na forma\u00e7\u00e3o de tantas pessoas e nos movimentos que hoje entendem o poder da educa\u00e7\u00e3o como ferramenta de liberta\u00e7\u00e3o \u2013 fazendo da milit\u00e2ncia uma extens\u00e3o do cuidado.<\/em><\/p>\n\n\n\n<p><em>Que sua mem\u00f3ria siga como farol de inspira\u00e7\u00e3o, amor e transforma\u00e7\u00e3o.<\/em><\/p>\n\n\n\n<figure class=\"wp-block-embed is-type-rich is-provider-instagram wp-block-embed-instagram\"><div class=\"wp-block-embed__wrapper\">\nhttps:\/\/www.instagram.com\/p\/DM0yuAsPwnH\/\n<\/div><\/figure>\n\n\n\n<p>Em 2024, dona Ana recebeu o Pr\u00eamio Marielle Franco pelo seu hist\u00f3rico de defesa dos direitos da popula\u00e7\u00e3o negra e das mulheres.<\/p>\n\n\n\n<p>Membra do colegiado do F\u00f3rum Permanente de Di\u00e1logos das Mulheres Negras, ele tamb\u00e9m era Mestra em Educa\u00e7\u00e3o, coordenadoras do F\u00f3rum Estadual de Mulheres Negras, organizadora do Vamos Brincar de Quilombo, espa\u00e7o de letramentos em diferentes \u00e1reas de estudos da da Educa\u00e7\u00e3o Infantil, al\u00e9m de doutora em Educa\u00e7\u00e3o.<a href=\"https:\/\/x.com\/RapMais\/status\/1951374173676380164\"><\/a><\/p>","protected":false},"excerpt":{"rendered":"<p>Morreu, nesta sexta-feira (1\u00ba), Ana Cristina Costa Gomes, m\u00e3e do rapper BK\u2019, aos 58 anos. Doutora, pesquisadora e uma das fundadoras do Movimento de Mulheres Negras do Rio de Janeiro. A informa\u00e7\u00e3o foi confirmada pelo pr\u00f3prio artista em post nas redes sociais. A causa do falecimento n\u00e3o foi divulgada. Ana foi uma das vozes mais [&hellip;]<\/p>\n","protected":false},"author":1,"featured_media":240981,"comment_status":"closed","ping_status":"closed","sticky":false,"template":"","format":"standard","meta":{"footnotes":""},"categories":[173],"tags":[7459],"class_list":["post-240977","post","type-post","status-publish","format-standard","has-post-thumbnail","hentry","category-celebridades","tag-bk"],"_links":{"self":[{"href":"https:\/\/portalpopmais.com.br\/en\/wp-json\/wp\/v2\/posts\/240977","targetHints":{"allow":["GET"]}}],"collection":[{"href":"https:\/\/portalpopmais.com.br\/en\/wp-json\/wp\/v2\/posts"}],"about":[{"href":"https:\/\/portalpopmais.com.br\/en\/wp-json\/wp\/v2\/types\/post"}],"author":[{"embeddable":true,"href":"https:\/\/portalpopmais.com.br\/en\/wp-json\/wp\/v2\/users\/1"}],"replies":[{"embeddable":true,"href":"https:\/\/portalpopmais.com.br\/en\/wp-json\/wp\/v2\/comments?post=240977"}],"version-history":[{"count":0,"href":"https:\/\/portalpopmais.com.br\/en\/wp-json\/wp\/v2\/posts\/240977\/revisions"}],"wp:featuredmedia":[{"embeddable":true,"href":"https:\/\/portalpopmais.com.br\/en\/wp-json\/wp\/v2\/media\/240981"}],"wp:attachment":[{"href":"https:\/\/portalpopmais.com.br\/en\/wp-json\/wp\/v2\/media?parent=240977"}],"wp:term":[{"taxonomy":"category","embeddable":true,"href":"https:\/\/portalpopmais.com.br\/en\/wp-json\/wp\/v2\/categories?post=240977"},{"taxonomy":"post_tag","embeddable":true,"href":"https:\/\/portalpopmais.com.br\/en\/wp-json\/wp\/v2\/tags?post=240977"}],"curies":[{"name":"wp","href":"https:\/\/api.w.org\/{rel}","templated":true}]}}