{"id":241244,"date":"2025-08-03T12:57:39","date_gmt":"2025-08-03T15:57:39","guid":{"rendered":"https:\/\/portalpopmais.com.br\/?p=241244"},"modified":"2025-08-03T12:57:47","modified_gmt":"2025-08-03T15:57:47","slug":"mae-oruam-desabafa-prisao","status":"publish","type":"post","link":"https:\/\/portalpopmais.com.br\/en\/mae-oruam-desabafa-prisao\/","title":{"rendered":"M\u00e3e de Oruam sobre pris\u00e3o do rapper: &#8220;Ele n\u00e3o merece&#8221;"},"content":{"rendered":"<p class=\"wp-block-paragraph\"><strong>M\u00e1rcia Gama<\/strong>, m\u00e3e do rapper Oruam, usou suas redes sociais para expressar sua dor e esperan\u00e7a ap\u00f3s a pris\u00e3o preventiva do filho, que permanece h\u00e1 10 dias no pres\u00eddio de Bangu, na zona oeste do Rio de Janeiro. O cantor tornou-se r\u00e9u por tentativa de homic\u00eddio qualificado ap\u00f3s se envolver em um confronto com policiais civis durante uma opera\u00e7\u00e3o realizada em sua casa.<\/p>\n\n\n\n<p class=\"wp-block-paragraph\">&#8220;Se voc\u00eas dessem a oportunidade de conhecer o Mauro Davi, n\u00e3o julgariam da mesma forma o Oruam. Ele n\u00e3o merece o que est\u00e3o fazendo com ele. Te amo filho&#8221;, escreveu M\u00e1rcia, que no dia anterior compartilhou um texto falando sobre o amor de m\u00e3e ao compartilhar fotos em que aparece abra\u00e7ando o filho.<\/p>\n\n\n<div class=\"wp-block-image\">\n<figure class=\"aligncenter size-full\"><img loading=\"lazy\" decoding=\"async\" width=\"591\" height=\"809\" src=\"https:\/\/portalpopmais.com.br\/wp-content\/uploads\/2025\/08\/image-19.png\" alt=\"\" class=\"wp-image-241246\" title=\"\"><figcaption class=\"wp-element-caption\">O rapper Oruam &#8211; Foto: Reprodu\u00e7\u00e3o\/ X<\/figcaption><\/figure>\n<\/div>\n\n\n<p class=\"wp-block-paragraph\">&#8220;Um amor que vence a dor e, mesmo ferido, continua amando. Amor que n\u00e3o desiste, que resiste amor de Deus, m\u00e3e, e amor de filho. \u00c9 um amor que n\u00e3o conhece muros, nem julgamentos. Um amor que carrega nas costas o que o mundo rejeita e, ainda assim, escolhe amar. Sei que voc\u00ea vai sair dessa meu filho, \u00e9 junto com isso o crescimento. Eu te amo al\u00e9m dessa vida. Sua m\u00e3e&#8221;, escreveu.<\/p>\n\n\n\n<h3 class=\"wp-block-heading\">Por que Oruam est\u00e1 preso?<\/h3>\n\n\n\n<p class=\"wp-block-paragraph\"><strong>Oruam<\/strong> foi preso no final de julho ap\u00f3s lan\u00e7ar pedras contra policiais civis durante uma opera\u00e7\u00e3o. Em raz\u00e3o do ataque, o artista se tornou <strong>r\u00e9u por tentativa de homic\u00eddio qualificado<\/strong>, ao lado de <strong>Willyam Matheus Vianna Rodrigues Vieira<\/strong>, amigo que tamb\u00e9m participou da a\u00e7\u00e3o.<\/p>\n\n\n\n<p class=\"wp-block-paragraph\">A den\u00fancia apresentada pelo <strong>Minist\u00e9rio P\u00fablico do Estado do Rio de Janeiro<\/strong> foi aceita pela <strong>ju\u00edza Tula Correa de Mello<\/strong>, da <strong>3\u00aa Vara Criminal da capital<\/strong>, que determinou a continuidade do processo.<\/p>","protected":false},"excerpt":{"rendered":"<p>M\u00e1rcia Gama, m\u00e3e do rapper Oruam, usou suas redes sociais para expressar sua dor e esperan\u00e7a ap\u00f3s a pris\u00e3o preventiva do filho, que permanece h\u00e1 10 dias no pres\u00eddio de Bangu, na zona oeste do Rio de Janeiro. O cantor tornou-se r\u00e9u por tentativa de homic\u00eddio qualificado ap\u00f3s se envolver em um confronto com policiais [&hellip;]<\/p>\n","protected":false},"author":2,"featured_media":241245,"comment_status":"closed","ping_status":"closed","sticky":false,"template":"","format":"standard","meta":{"footnotes":""},"categories":[173],"tags":[11331],"class_list":["post-241244","post","type-post","status-publish","format-standard","has-post-thumbnail","hentry","category-celebridades","tag-oruam"],"_links":{"self":[{"href":"https:\/\/portalpopmais.com.br\/en\/wp-json\/wp\/v2\/posts\/241244","targetHints":{"allow":["GET"]}}],"collection":[{"href":"https:\/\/portalpopmais.com.br\/en\/wp-json\/wp\/v2\/posts"}],"about":[{"href":"https:\/\/portalpopmais.com.br\/en\/wp-json\/wp\/v2\/types\/post"}],"author":[{"embeddable":true,"href":"https:\/\/portalpopmais.com.br\/en\/wp-json\/wp\/v2\/users\/2"}],"replies":[{"embeddable":true,"href":"https:\/\/portalpopmais.com.br\/en\/wp-json\/wp\/v2\/comments?post=241244"}],"version-history":[{"count":0,"href":"https:\/\/portalpopmais.com.br\/en\/wp-json\/wp\/v2\/posts\/241244\/revisions"}],"wp:featuredmedia":[{"embeddable":true,"href":"https:\/\/portalpopmais.com.br\/en\/wp-json\/wp\/v2\/media\/241245"}],"wp:attachment":[{"href":"https:\/\/portalpopmais.com.br\/en\/wp-json\/wp\/v2\/media?parent=241244"}],"wp:term":[{"taxonomy":"category","embeddable":true,"href":"https:\/\/portalpopmais.com.br\/en\/wp-json\/wp\/v2\/categories?post=241244"},{"taxonomy":"post_tag","embeddable":true,"href":"https:\/\/portalpopmais.com.br\/en\/wp-json\/wp\/v2\/tags?post=241244"}],"curies":[{"name":"wp","href":"https:\/\/api.w.org\/{rel}","templated":true}]}}