{"id":241580,"date":"2025-08-05T08:18:57","date_gmt":"2025-08-05T11:18:57","guid":{"rendered":"https:\/\/portalpopmais.com.br\/?p=241580"},"modified":"2025-08-05T08:24:32","modified_gmt":"2025-08-05T11:24:32","slug":"yan-couto-segundo-filho","status":"publish","type":"post","link":"https:\/\/portalpopmais.com.br\/en\/yan-couto-segundo-filho\/","title":{"rendered":"Yan Couto, da Sele\u00e7\u00e3o Brasileira, anuncia que est\u00e1 esperando o segundo filho"},"content":{"rendered":"<p><strong><a href=\"http:\/\/portalpopmais.com.br\/en\/\">Yan Couto<\/a><\/strong>, jogador da Sele\u00e7\u00e3o Brasileirade futebol, anunciou atrav\u00e9s das redes sociais que est\u00e1 esperando o segundo filho com a esposa, Mariana David. O lateral-direito, que atualmente joga no clube alem\u00e3o Borussia Dortmund, emprestado pelo Manchester City, fez uma publica\u00e7\u00e3o em conjunto com a esposa para contar a novidade.\u00a0<\/p>\n\n\n\n<p>Os dois j\u00e1 s\u00e3o papais de Theo e posaram para alguns cliques ao lado do primog\u00eanito, que acaba de ser promovido a irm\u00e3o mais velho. Nas fotos, o casal aparece exibido o teste positivo de gravidez, imagens do ultrassom do beb\u00ea e Marilia deixa a barriguinha de gr\u00e1vida \u00e0 mostra.\u00a0<\/p>\n\n\n\n<p>Na legenda, escreveram:\u00a0&#8220;<em>Nosso amor se multiplicou e agora somos quatro. Sonhamos tanto com voc\u00ea filho(a). Estamos te esperando com todo amor do mundo<\/em>&#8220;.<\/p>\n\n\n<div class=\"wp-block-image\">\n<figure class=\"aligncenter size-full\"><img loading=\"lazy\" decoding=\"async\" width=\"1000\" height=\"1333\" src=\"https:\/\/portalpopmais.com.br\/wp-content\/uploads\/2025\/08\/image-29.png\" alt=\"\" class=\"wp-image-241582\" title=\"\"><figcaption class=\"wp-element-caption\">Yan Couto, da Sele\u00e7\u00e3o Brasileira, anuncia que ser\u00e1 pai pela segunda vez \u2014 Foto: Reprodu\u00e7\u00e3o\/Instagram<br><br><br><br><\/figcaption><\/figure>\n<\/div>\n\n<div class=\"wp-block-image\">\n<figure class=\"aligncenter size-full\"><img loading=\"lazy\" decoding=\"async\" width=\"1000\" height=\"1333\" src=\"https:\/\/portalpopmais.com.br\/wp-content\/uploads\/2025\/08\/image-30.png\" alt=\"\" class=\"wp-image-241583\" title=\"\"><figcaption class=\"wp-element-caption\">Yan Couto, da Sele\u00e7\u00e3o Brasileira, anuncia que ser\u00e1 pai pela segunda vez \u2014 Foto: Reprodu\u00e7\u00e3o\/Instagram<br><\/figcaption><\/figure>\n<\/div>","protected":false},"excerpt":{"rendered":"<p>Yan Couto, jogador da Sele\u00e7\u00e3o Brasileirade futebol, anunciou atrav\u00e9s das redes sociais que est\u00e1 esperando o segundo filho com a esposa, Mariana David. O lateral-direito, que atualmente joga no clube alem\u00e3o Borussia Dortmund, emprestado pelo Manchester City, fez uma publica\u00e7\u00e3o em conjunto com a esposa para contar a novidade.\u00a0 Os dois j\u00e1 s\u00e3o papais de [&hellip;]<\/p>\n","protected":false},"author":44,"featured_media":241584,"comment_status":"closed","ping_status":"closed","sticky":false,"template":"","format":"standard","meta":{"footnotes":""},"categories":[173],"tags":[15777],"class_list":["post-241580","post","type-post","status-publish","format-standard","has-post-thumbnail","hentry","category-celebridades","tag-yan-couto"],"_links":{"self":[{"href":"https:\/\/portalpopmais.com.br\/en\/wp-json\/wp\/v2\/posts\/241580","targetHints":{"allow":["GET"]}}],"collection":[{"href":"https:\/\/portalpopmais.com.br\/en\/wp-json\/wp\/v2\/posts"}],"about":[{"href":"https:\/\/portalpopmais.com.br\/en\/wp-json\/wp\/v2\/types\/post"}],"author":[{"embeddable":true,"href":"https:\/\/portalpopmais.com.br\/en\/wp-json\/wp\/v2\/users\/44"}],"replies":[{"embeddable":true,"href":"https:\/\/portalpopmais.com.br\/en\/wp-json\/wp\/v2\/comments?post=241580"}],"version-history":[{"count":0,"href":"https:\/\/portalpopmais.com.br\/en\/wp-json\/wp\/v2\/posts\/241580\/revisions"}],"wp:featuredmedia":[{"embeddable":true,"href":"https:\/\/portalpopmais.com.br\/en\/wp-json\/wp\/v2\/media\/241584"}],"wp:attachment":[{"href":"https:\/\/portalpopmais.com.br\/en\/wp-json\/wp\/v2\/media?parent=241580"}],"wp:term":[{"taxonomy":"category","embeddable":true,"href":"https:\/\/portalpopmais.com.br\/en\/wp-json\/wp\/v2\/categories?post=241580"},{"taxonomy":"post_tag","embeddable":true,"href":"https:\/\/portalpopmais.com.br\/en\/wp-json\/wp\/v2\/tags?post=241580"}],"curies":[{"name":"wp","href":"https:\/\/api.w.org\/{rel}","templated":true}]}}