{"id":241663,"date":"2025-08-05T12:17:26","date_gmt":"2025-08-05T15:17:26","guid":{"rendered":"https:\/\/portalpopmais.com.br\/?p=241663"},"modified":"2025-08-05T12:17:29","modified_gmt":"2025-08-05T15:17:29","slug":"dani-calabresa-maternidade-banho","status":"publish","type":"post","link":"https:\/\/portalpopmais.com.br\/en\/dani-calabresa-maternidade-banho\/","title":{"rendered":"Dani Calabresa vive perrengues da maternidade e dispara: &#8220;Tomar banho virou luxo!&#8221;"},"content":{"rendered":"<p><strong><a href=\"https:\/\/portalpopmais.com.br\/en\/trends\/dani-calabresa\/\" data-type=\"post_tag\" data-id=\"7790\">Dani Calabresa<\/a><\/strong>, de 43 anos, est\u00e1 vivendo pela primeira vez os intensos dilemas da maternidade. M\u00e3e do pequeno <strong><a href=\"https:\/\/www.instagram.com\/portalpopmais?igsh=MTNjb2tpbnRud3pqMw==\" target=\"_blank\" rel=\"noopener\">Bernardo<\/a><\/strong>, nascido em 8 de julho, a humorista usou as redes sociais nesta ter\u00e7a-feira (5) para abrir o cora\u00e7\u00e3o e mostrar, com bom humor, como t\u00eam sido seus primeiros dias com o beb\u00ea nos bra\u00e7os.<\/p>\n\n\n\n<p>Num carrossel publicado no Instagram, Calabresa compartilhou frases que misturam cansa\u00e7o, amor e muita autoironia: &#8220;Me preparando psicologicamente para explicar para o meu filho que ele n\u00e3o pode comer sab\u00e3o&#8221;, &#8220;Nada te prepara mais para os desafios do que convencer um beb\u00ea de que existe hora de dormir&#8221; e &#8220;Algu\u00e9m sabe que horas chega o t\u00e9cnico para instalar o manual do beb\u00ea?&#8221;.<\/p>\n\n\n\n<p>Bernardo \u00e9 fruto de seu casamento com o publicit\u00e1rio Ricardo Neuman e teve o nome inspirado no cl\u00e1ssico da Disney &#8216;Bernardo &amp; Bianca&#8217;. Com olheiras vis\u00edveis e sinceridade afiada, a comediante ainda brincou sobre sua nova rotina: &#8220;Antes eu fazia skincare. Agora, se eu tomar banho, t\u00f4 no lucro.&#8221; A publica\u00e7\u00e3o rendeu risadas e empatia de outras m\u00e3es, que se viram representadas nas palavras de Dani.<\/p>\n\n\n\n<p>Dani Calabresa \u00e9 casada com o publicit\u00e1rio Ricardo Neuman desde 2020. Discretos, os dois mant\u00eam a vida a dois longe dos holofotes, mas vez ou outra trocam declara\u00e7\u00f5es nas redes sociais. Em entrevistas, Dani j\u00e1 revelou que encontrou em Ricardo um parceiro que respeita seu humor e compartilha das mesmas prioridades.<\/p>","protected":false},"excerpt":{"rendered":"<p>Dani Calabresa, de 43 anos, est\u00e1 vivendo pela primeira vez os intensos dilemas da maternidade. M\u00e3e do pequeno Bernardo, nascido em 8 de julho, a humorista usou as redes sociais nesta ter\u00e7a-feira (5) para abrir o cora\u00e7\u00e3o e mostrar, com bom humor, como t\u00eam sido seus primeiros dias com o beb\u00ea nos bra\u00e7os. Num carrossel [&hellip;]<\/p>\n","protected":false},"author":3,"featured_media":241664,"comment_status":"closed","ping_status":"closed","sticky":false,"template":"","format":"standard","meta":{"footnotes":""},"categories":[173],"tags":[],"class_list":["post-241663","post","type-post","status-publish","format-standard","has-post-thumbnail","hentry","category-celebridades"],"_links":{"self":[{"href":"https:\/\/portalpopmais.com.br\/en\/wp-json\/wp\/v2\/posts\/241663","targetHints":{"allow":["GET"]}}],"collection":[{"href":"https:\/\/portalpopmais.com.br\/en\/wp-json\/wp\/v2\/posts"}],"about":[{"href":"https:\/\/portalpopmais.com.br\/en\/wp-json\/wp\/v2\/types\/post"}],"author":[{"embeddable":true,"href":"https:\/\/portalpopmais.com.br\/en\/wp-json\/wp\/v2\/users\/3"}],"replies":[{"embeddable":true,"href":"https:\/\/portalpopmais.com.br\/en\/wp-json\/wp\/v2\/comments?post=241663"}],"version-history":[{"count":0,"href":"https:\/\/portalpopmais.com.br\/en\/wp-json\/wp\/v2\/posts\/241663\/revisions"}],"wp:featuredmedia":[{"embeddable":true,"href":"https:\/\/portalpopmais.com.br\/en\/wp-json\/wp\/v2\/media\/241664"}],"wp:attachment":[{"href":"https:\/\/portalpopmais.com.br\/en\/wp-json\/wp\/v2\/media?parent=241663"}],"wp:term":[{"taxonomy":"category","embeddable":true,"href":"https:\/\/portalpopmais.com.br\/en\/wp-json\/wp\/v2\/categories?post=241663"},{"taxonomy":"post_tag","embeddable":true,"href":"https:\/\/portalpopmais.com.br\/en\/wp-json\/wp\/v2\/tags?post=241663"}],"curies":[{"name":"wp","href":"https:\/\/api.w.org\/{rel}","templated":true}]}}