{"id":241692,"date":"2025-08-05T14:30:00","date_gmt":"2025-08-05T17:30:00","guid":{"rendered":"https:\/\/portalpopmais.com.br\/?p=241692"},"modified":"2025-08-05T13:43:55","modified_gmt":"2025-08-05T16:43:55","slug":"roteirista-fala-sobre-expectativa-em-torno-de-o-diabo-veste-prada-2","status":"publish","type":"post","link":"https:\/\/portalpopmais.com.br\/en\/roteirista-fala-sobre-expectativa-em-torno-de-o-diabo-veste-prada-2\/","title":{"rendered":"Roteirista fala sobre expectativa em torno de &#8216;O Diabo Veste Prada 2&#8217;"},"content":{"rendered":"<p>Aline Brosh McKenna, roteirista da t\u00e3o esperada sequ\u00eancia <em>O Diabo Veste Prada 2<\/em>, se mostrou empolgada com o alvoro\u00e7o causado pelas primeiras imagens dos bastidores do novo longa. Em entrevista ao site <em>IndieWire<\/em>, ela comentou o impacto do retorno dos personagens ic\u00f4nicos e o que tem observado nas filmagens que j\u00e1 movimentam as ruas e as redes sociais.<\/p>\n\n\n\n<p>\u201cSab\u00edamos que haveria muito interesse. As pessoas ficam do lado de fora s\u00f3 para ver um vislumbre desses atores e personagens que tanto amam. Ver os figurinos empolgou o p\u00fablico, principalmente porque \u00e9 um filme de moda\u201d, disse McKenna.<\/p>\n\n\n\n<blockquote class=\"wp-block-quote is-layout-flow wp-block-quote-is-layout-flow\">\n<p><em>\u201cNunca tinha experimentado esse n\u00edvel de gente indo at\u00e9 o set, mas \u00e9 o mundo em que vivemos. Em muitos sentidos, estamos falando com um p\u00fablico diferente do de 2006\u201d<\/em>, revelou.<\/p>\n<\/blockquote>\n\n\n\n<p>A roteirista, que tamb\u00e9m esteve \u00e0 frente do roteiro do filme original, completou dizendo: \u201cVem de um desejo leg\u00edtimo de rever esses personagens. Enquanto todos estiverem seguros, que honra \u00e9 ver que ainda h\u00e1 tanto interesse\u201d.<\/p>\n\n\n\n<p>Desde que a 20th Century Studios divulgou, em julho, a primeira imagem oficial da continua\u00e7\u00e3o, com Anne Hathaway caracterizada novamente como Andy Sachs, f\u00e3s e curiosos passaram a se reunir em frente \u00e0s lojas de grife em Nova York para tentar ver de perto as grava\u00e7\u00f5es. E n\u00e3o faltam registros nas redes sociais, que t\u00eam fervilhado com fotos de Anne ao lado de Meryl Streep (Miranda Priestly), Emily Blunt (Emily Charlton) e Stanley Tucci (Nigel).<\/p>\n\n\n\n<figure class=\"wp-block-embed is-type-rich is-provider-instagram wp-block-embed-instagram\"><div class=\"wp-block-embed__wrapper\">\nhttps:\/\/www.instagram.com\/p\/DMsyr3CNeL2\/?utm_source=ig_embed&#038;ig_rid=f6531a28-ede5-4341-9bbc-815bc4b7cca5\n<\/div><\/figure>\n\n\n\n<h3 class=\"wp-block-heading\"><strong>O que j\u00e1 sabemos de &#8216;O Diabo Veste Prada 2&#8217;<\/strong><\/h3>\n\n\n\n<p>A sequ\u00eancia traz de volta a lend\u00e1ria equipe da <em>Runway<\/em>, agora inserida em uma nova din\u00e2mica: Miranda enfrenta os desafios da era digital e o decl\u00ednio da m\u00eddia impressa, enquanto sua ex-assistente Emily virou uma executiva poderosa no mundo da moda, e as duas disputam, com muito estilo, o poder e os olhares das grandes marcas de luxo.<\/p>\n\n\n\n<p>Al\u00e9m do elenco principal original, o novo filme contar\u00e1 com a chegada de Lucy Liu, Justin Theroux, B.J. Novak, Pauline Chalamet, Simone Ashley, e nomes vindos da Broadway, como Helen J. Shen e Conrad Ricamora. O comediante Caleb Hearon tamb\u00e9m entra para a hist\u00f3ria. Tracie Thoms (Lily) e Tibor Feldman (Irv Ravitz) retornam para reprisar seus pap\u00e9is.<\/p>\n\n\n\n<p>A dire\u00e7\u00e3o continua nas m\u00e3os de David Frankel, o mesmo que comandou o cl\u00e1ssico de 2006, que arrecadou quase US$ 328 milh\u00f5es no mundo todo e conquistou pr\u00eamios e indica\u00e7\u00f5es ao Oscar, Globo de Ouro e BAFTA.<\/p>\n\n\n\n<figure class=\"wp-block-embed is-type-video is-provider-youtube wp-block-embed-youtube wp-embed-aspect-16-9 wp-has-aspect-ratio\"><div class=\"wp-block-embed__wrapper\">\n<iframe loading=\"lazy\" title=\"The Devil Wears Prada 2 | Now In Production\" width=\"880\" height=\"495\" src=\"https:\/\/www.youtube.com\/embed\/mJtjWBxb4CA?feature=oembed\" frameborder=\"0\" allow=\"accelerometer; autoplay; clipboard-write; encrypted-media; gyroscope; picture-in-picture; web-share\" referrerpolicy=\"strict-origin-when-cross-origin\" allowfullscreen><\/iframe>\n<\/div><\/figure>\n\n\n\n<p>Ainda sem data oficial de estreia, <em>O Diabo Veste Prada 2<\/em> j\u00e1 \u00e9 um dos filmes mais aguardados do momento, e promete entregar mais do que apenas moda impec\u00e1vel: vai trazer tamb\u00e9m uma disputa de gera\u00e7\u00f5es e poder no universo fashion.<\/p>\n\n\n\n<p>Enquanto isso, o primeiro filme segue dispon\u00edvel no Disney+ para quem quiser (re)ver esse \u00edcone do cinema pop.<\/p>","protected":false},"excerpt":{"rendered":"<p>Aline Brosh McKenna, roteirista da t\u00e3o esperada sequ\u00eancia O Diabo Veste Prada 2, se mostrou empolgada com o alvoro\u00e7o causado pelas primeiras imagens dos bastidores do novo longa. Em entrevista ao site IndieWire, ela comentou o impacto do retorno dos personagens ic\u00f4nicos e o que tem observado nas filmagens que j\u00e1 movimentam as ruas e [&hellip;]<\/p>\n","protected":false},"author":38,"featured_media":238741,"comment_status":"closed","ping_status":"closed","sticky":false,"template":"","format":"standard","meta":{"footnotes":""},"categories":[174],"tags":[1089,7308],"class_list":["post-241692","post","type-post","status-publish","format-standard","has-post-thumbnail","hentry","category-filmes-series","tag-filmes","tag-series"],"_links":{"self":[{"href":"https:\/\/portalpopmais.com.br\/en\/wp-json\/wp\/v2\/posts\/241692","targetHints":{"allow":["GET"]}}],"collection":[{"href":"https:\/\/portalpopmais.com.br\/en\/wp-json\/wp\/v2\/posts"}],"about":[{"href":"https:\/\/portalpopmais.com.br\/en\/wp-json\/wp\/v2\/types\/post"}],"author":[{"embeddable":true,"href":"https:\/\/portalpopmais.com.br\/en\/wp-json\/wp\/v2\/users\/38"}],"replies":[{"embeddable":true,"href":"https:\/\/portalpopmais.com.br\/en\/wp-json\/wp\/v2\/comments?post=241692"}],"version-history":[{"count":0,"href":"https:\/\/portalpopmais.com.br\/en\/wp-json\/wp\/v2\/posts\/241692\/revisions"}],"wp:featuredmedia":[{"embeddable":true,"href":"https:\/\/portalpopmais.com.br\/en\/wp-json\/wp\/v2\/media\/238741"}],"wp:attachment":[{"href":"https:\/\/portalpopmais.com.br\/en\/wp-json\/wp\/v2\/media?parent=241692"}],"wp:term":[{"taxonomy":"category","embeddable":true,"href":"https:\/\/portalpopmais.com.br\/en\/wp-json\/wp\/v2\/categories?post=241692"},{"taxonomy":"post_tag","embeddable":true,"href":"https:\/\/portalpopmais.com.br\/en\/wp-json\/wp\/v2\/tags?post=241692"}],"curies":[{"name":"wp","href":"https:\/\/api.w.org\/{rel}","templated":true}]}}