{"id":241750,"date":"2025-08-05T18:10:17","date_gmt":"2025-08-05T21:10:17","guid":{"rendered":"https:\/\/portalpopmais.com.br\/?p=241750"},"modified":"2025-08-05T18:10:21","modified_gmt":"2025-08-05T21:10:21","slug":"video-show-de-mc-cabelinho-quebra","status":"publish","type":"post","link":"https:\/\/portalpopmais.com.br\/en\/video-show-de-mc-cabelinho-quebra\/","title":{"rendered":"V\u00cdDEO: Show de MC Cabelinho em escola de samba termina em quebra-quebra; agremia\u00e7\u00e3o se pronuncia"},"content":{"rendered":"<p class=\"wp-block-paragraph\">O que era para ser uma noite de festa e m\u00fasica terminou em confus\u00e3o generalizada. O evento O Baile N\u00e3o Pode Parar, realizado no \u00faltimo s\u00e1bado (3), na quadra da escola de samba Unidos do Viradouro, em <strong><a href=\"https:\/\/www.instagram.com\/portalpopmais?igsh=MTNjb2tpbnRud3pqMw==\" data-type=\"link\" data-id=\"https:\/\/www.instagram.com\/portalpopmais?igsh=MTNjb2tpbnRud3pqMw==\" target=\"_blank\" rel=\"noopener\">Niter\u00f3i<\/a><\/strong>, acabou em cenas de vandalismo e tumulto durante a apresenta\u00e7\u00e3o de <strong><a href=\"https:\/\/portalpopmais.com.br\/en\/trends\/cabelinho\/\" data-type=\"post_tag\" data-id=\"15743\">MC Cabelinho<\/a><\/strong>.<\/p>\n\n\n\n<p class=\"wp-block-paragraph\">Imagens que circulam nas redes sociais mostram momentos de p\u00e2nico, com baldes de cerveja, cadeiras e at\u00e9 mesas sendo arremessadas no meio do p\u00fablico. Pessoas correm para se proteger enquanto a confus\u00e3o se instala. O caos teria come\u00e7ado ainda durante o show do funkeiro, conhecido por apresenta\u00e7\u00f5es en\u00e9rgicas que, por vezes, ultrapassam os limites do controle.<\/p>\n\n\n\n<p class=\"wp-block-paragraph\">Assista:<\/p>\n\n\n\n<figure class=\"wp-block-embed is-type-rich is-provider-twitter wp-block-embed-twitter\"><div class=\"wp-block-embed__wrapper\">\n<blockquote class=\"twitter-tweet\" data-width=\"550\" data-dnt=\"true\"><p lang=\"pt\" dir=\"ltr\">O caso aconteceu durante um evento realizado no s\u00e1bado (2), na quadra da Viradouro, no bairro do Barreto. <br><br>A grava\u00e7\u00e3o registra uma verdadeira \u201cguerra\u201d de baldes de cerveja, que voavam de um lado para o outro, arremessados entre o p\u00fablico da pista e os ocupantes dos camarotes. <a href=\"https:\/\/t.co\/aWA7EvMYix\">pic.twitter.com\/aWA7EvMYix<\/a><\/p>&mdash; insta \/ @eusoudeniteroioficial (@SoudeNiteroi1) <a href=\"https:\/\/twitter.com\/SoudeNiteroi1\/status\/1952448797545754772?ref_src=twsrc%5Etfw\" target=\"_blank\" rel=\"noopener\">August 4, 2025<\/a><\/blockquote><script async src=\"https:\/\/platform.twitter.com\/widgets.js\" charset=\"utf-8\"><\/script>\n<\/div><\/figure>\n\n\n\n<p class=\"wp-block-paragraph\">Apesar de a Viradouro n\u00e3o ter organizado o evento, o preju\u00edzo ficou para a escola. Itens pertencentes \u00e0 agremia\u00e7\u00e3o foram danificados durante o tumulto. Em nota enviada \u00e0 imprensa, a dire\u00e7\u00e3o da escola de samba esclareceu que apenas cedeu o espa\u00e7o para a realiza\u00e7\u00e3o do show, cuja produ\u00e7\u00e3o foi responsabilidade dos empres\u00e1rios Darcy dos Santos e Gabriel Benites.<\/p>\n\n\n\n<p class=\"wp-block-paragraph\">\u201cA escola informa que alugou o espa\u00e7o para o evento, que teve produ\u00e7\u00e3o e realiza\u00e7\u00e3o a cargo dos empres\u00e1rios Darcy dos Santos e Gabriel Benites. Os locat\u00e1rios se comprometeram a ressarcir a escola assim que for contabilizado o preju\u00edzo\u201d, afirmou a Viradouro.<\/p>\n\n\n\n<p class=\"wp-block-paragraph\">Ainda n\u00e3o se sabe o que motivou a briga generalizada, e n\u00e3o h\u00e1 informa\u00e7\u00f5es oficiais sobre feridos. A organiza\u00e7\u00e3o do evento e a equipe de MC Cabelinho ainda n\u00e3o se pronunciaram publicamente sobre o ocorrido.<\/p>","protected":false},"excerpt":{"rendered":"<p>O que era para ser uma noite de festa e m\u00fasica terminou em confus\u00e3o generalizada. O evento O Baile N\u00e3o Pode Parar, realizado no \u00faltimo s\u00e1bado (3), na quadra da escola de samba Unidos do Viradouro, em Niter\u00f3i, acabou em cenas de vandalismo e tumulto durante a apresenta\u00e7\u00e3o de MC Cabelinho. Imagens que circulam nas [&hellip;]<\/p>\n","protected":false},"author":3,"featured_media":241752,"comment_status":"closed","ping_status":"closed","sticky":false,"template":"","format":"standard","meta":{"footnotes":""},"categories":[173],"tags":[],"class_list":["post-241750","post","type-post","status-publish","format-standard","has-post-thumbnail","hentry","category-celebridades"],"_links":{"self":[{"href":"https:\/\/portalpopmais.com.br\/en\/wp-json\/wp\/v2\/posts\/241750","targetHints":{"allow":["GET"]}}],"collection":[{"href":"https:\/\/portalpopmais.com.br\/en\/wp-json\/wp\/v2\/posts"}],"about":[{"href":"https:\/\/portalpopmais.com.br\/en\/wp-json\/wp\/v2\/types\/post"}],"author":[{"embeddable":true,"href":"https:\/\/portalpopmais.com.br\/en\/wp-json\/wp\/v2\/users\/3"}],"replies":[{"embeddable":true,"href":"https:\/\/portalpopmais.com.br\/en\/wp-json\/wp\/v2\/comments?post=241750"}],"version-history":[{"count":0,"href":"https:\/\/portalpopmais.com.br\/en\/wp-json\/wp\/v2\/posts\/241750\/revisions"}],"wp:featuredmedia":[{"embeddable":true,"href":"https:\/\/portalpopmais.com.br\/en\/wp-json\/wp\/v2\/media\/241752"}],"wp:attachment":[{"href":"https:\/\/portalpopmais.com.br\/en\/wp-json\/wp\/v2\/media?parent=241750"}],"wp:term":[{"taxonomy":"category","embeddable":true,"href":"https:\/\/portalpopmais.com.br\/en\/wp-json\/wp\/v2\/categories?post=241750"},{"taxonomy":"post_tag","embeddable":true,"href":"https:\/\/portalpopmais.com.br\/en\/wp-json\/wp\/v2\/tags?post=241750"}],"curies":[{"name":"wp","href":"https:\/\/api.w.org\/{rel}","templated":true}]}}