{"id":241770,"date":"2025-08-06T07:57:50","date_gmt":"2025-08-06T10:57:50","guid":{"rendered":"https:\/\/portalpopmais.com.br\/?p=241770"},"modified":"2025-08-06T07:57:54","modified_gmt":"2025-08-06T10:57:54","slug":"o-agente-secreto-festival-de-brasilia","status":"publish","type":"post","link":"https:\/\/portalpopmais.com.br\/en\/o-agente-secreto-festival-de-brasilia\/","title":{"rendered":"&#8216;O Agente Secreto&#8217;, premiado em Cannes, ser\u00e1 filme de abertura do festival de Bras\u00edlia"},"content":{"rendered":"<p><strong>O Agente Secreto<\/strong>, novo longa do diretor Kleber Mendon\u00e7a Filho, ser\u00e1 o filme de abertura da 58\u00aa edi\u00e7\u00e3o do Festival de Bras\u00edlia.<\/p>\n\n\n\n<p>O evento, que celebra o anivers\u00e1rio de 60 anos da mostra, ocorre na capital federal entre os dias 12 e 20 de setembro.<\/p>\n\n\n\n<p>A sess\u00e3o de abertura contar\u00e1 com a presen\u00e7a do cineasta pernambucano, da atriz Maria Fernanda C\u00e2ndido e da produtora Emilie Lesclaux.<\/p>\n\n\n\n<p>A produ\u00e7\u00e3o conta a hist\u00f3ria de Marcelo, interpretado por Wagner Moura, um especialista em tecnologia que foge para o Recife durante a ditadura militar para se reconectar com o filho. Uma vez l\u00e1, ele percebe que a cidade est\u00e1 longe de lhe proporcionar a paz que ele esperava.<\/p>\n\n\n\n<p>O filme, que estreia no circuito comercial brasileiro no dia 6 de novembro, venceu o pr\u00eamio de Melhor Ator e Melhor Diretor no Festival de Cannes.<\/p>\n\n\n\n<p>Ap\u00f3s o sucesso no festival franc\u00eas, O Agente Secreto teve seus direitos de distribui\u00e7\u00e3o nos Estados Unidos adquiridos pela Neon, selo respons\u00e1vel por Anora, vencedor em cinco categorias do Oscar em 2025.<\/p>\n\n\n\n<p>Agora, o longa est\u00e1 sendo cotado pela imprensa norte-americana para o Oscar de 2026. Em especial, nas categorias de Melhor Filme Estrangeiro e Melhor Ator.<\/p>","protected":false},"excerpt":{"rendered":"<p>O Agente Secreto, novo longa do diretor Kleber Mendon\u00e7a Filho, ser\u00e1 o filme de abertura da 58\u00aa edi\u00e7\u00e3o do Festival de Bras\u00edlia. O evento, que celebra o anivers\u00e1rio de 60 anos da mostra, ocorre na capital federal entre os dias 12 e 20 de setembro. A sess\u00e3o de abertura contar\u00e1 com a presen\u00e7a do cineasta [&hellip;]<\/p>\n","protected":false},"author":44,"featured_media":238136,"comment_status":"closed","ping_status":"closed","sticky":false,"template":"","format":"standard","meta":{"footnotes":""},"categories":[174],"tags":[18176],"class_list":["post-241770","post","type-post","status-publish","format-standard","has-post-thumbnail","hentry","category-filmes-series","tag-o-agente-secreto"],"_links":{"self":[{"href":"https:\/\/portalpopmais.com.br\/en\/wp-json\/wp\/v2\/posts\/241770","targetHints":{"allow":["GET"]}}],"collection":[{"href":"https:\/\/portalpopmais.com.br\/en\/wp-json\/wp\/v2\/posts"}],"about":[{"href":"https:\/\/portalpopmais.com.br\/en\/wp-json\/wp\/v2\/types\/post"}],"author":[{"embeddable":true,"href":"https:\/\/portalpopmais.com.br\/en\/wp-json\/wp\/v2\/users\/44"}],"replies":[{"embeddable":true,"href":"https:\/\/portalpopmais.com.br\/en\/wp-json\/wp\/v2\/comments?post=241770"}],"version-history":[{"count":0,"href":"https:\/\/portalpopmais.com.br\/en\/wp-json\/wp\/v2\/posts\/241770\/revisions"}],"wp:featuredmedia":[{"embeddable":true,"href":"https:\/\/portalpopmais.com.br\/en\/wp-json\/wp\/v2\/media\/238136"}],"wp:attachment":[{"href":"https:\/\/portalpopmais.com.br\/en\/wp-json\/wp\/v2\/media?parent=241770"}],"wp:term":[{"taxonomy":"category","embeddable":true,"href":"https:\/\/portalpopmais.com.br\/en\/wp-json\/wp\/v2\/categories?post=241770"},{"taxonomy":"post_tag","embeddable":true,"href":"https:\/\/portalpopmais.com.br\/en\/wp-json\/wp\/v2\/tags?post=241770"}],"curies":[{"name":"wp","href":"https:\/\/api.w.org\/{rel}","templated":true}]}}