{"id":241878,"date":"2025-08-06T11:57:50","date_gmt":"2025-08-06T14:57:50","guid":{"rendered":"https:\/\/portalpopmais.com.br\/?p=241878"},"modified":"2025-08-06T12:00:58","modified_gmt":"2025-08-06T15:00:58","slug":"a-rainha-esta-de-volta-juliana-paes-assume-o-posto-na-viradouro","status":"publish","type":"post","link":"https:\/\/portalpopmais.com.br\/en\/a-rainha-esta-de-volta-juliana-paes-assume-o-posto-na-viradouro\/","title":{"rendered":"A rainha est\u00e1 de volta! Juliana Paes assume o posto na bateria da Viradouro"},"content":{"rendered":"<p>Juliana Paes est\u00e1 de volta ao trono! A atriz foi anunciada como a Rainha de Bateria da Unidos do Viradouro, escola de samba de Niter\u00f3i com a qual tem uma rela\u00e7\u00e3o antiga e cheia de hist\u00f3ria. A coroa\u00e7\u00e3o j\u00e1 tem data para acontecer: ser\u00e1 no dia 30 de agosto, em um evento aguardado com ansiedade pelos apaixonados pelo Carnaval.<\/p>\n\n\n\n<p>O retorno marca mais um cap\u00edtulo da trajet\u00f3ria de Juliana com a Vermelha e Branca. Al\u00e9m de j\u00e1 ter reinado \u00e0 frente dos ritmistas entre 2004 e 2008, ela tamb\u00e9m participou da comiss\u00e3o de frente da escola no Carnaval de 2015. Agora, reassume o posto que era ocupado por Erika Januza desde 2022.<\/p>\n\n\n\n<figure class=\"wp-block-embed is-type-rich is-provider-instagram wp-block-embed-instagram\"><div class=\"wp-block-embed__wrapper\">\nhttps:\/\/www.instagram.com\/p\/DM3eBjrPWGJ\/?hl=pt-br&#038;img_index=1\n<\/div><\/figure>\n\n\n\n<p>Mesmo com o cora\u00e7\u00e3o sempre batendo forte pela Viradouro, Juliana tamb\u00e9m viveu momentos marcantes na Acad\u00eamicos do Grande Rio. Ela desfilou como rainha de bateria da tricolor de Duque de Caxias nos Carnavais de 2018 e 2019, quando fez sua despedida oficial da folia, at\u00e9 decidir voltar.<\/p>\n\n\n\n<p>Recentemente, ela visitou a quadra da escola e compartilhou cliques em Niter\u00f3i, incluindo um passeio pelo Caminho Niemeyer, ponto tur\u00edstico da cidade. \u201cNiter\u00f3i, eu te amo\u201d, declarou a atriz nas redes sociais, mostrando que o amor pela cidade segue mais vivo do que nunca.<\/p>","protected":false},"excerpt":{"rendered":"<p>Juliana Paes est\u00e1 de volta ao trono! A atriz foi anunciada como a Rainha de Bateria da Unidos do Viradouro, escola de samba de Niter\u00f3i com a qual tem uma rela\u00e7\u00e3o antiga e cheia de hist\u00f3ria. A coroa\u00e7\u00e3o j\u00e1 tem data para acontecer: ser\u00e1 no dia 30 de agosto, em um evento aguardado com ansiedade [&hellip;]<\/p>\n","protected":false},"author":38,"featured_media":241880,"comment_status":"closed","ping_status":"closed","sticky":false,"template":"","format":"standard","meta":{"footnotes":""},"categories":[173],"tags":[18181,6094],"class_list":["post-241878","post","type-post","status-publish","format-standard","has-post-thumbnail","hentry","category-celebridades","tag-carnaval-2026","tag-juliana-paes"],"_links":{"self":[{"href":"https:\/\/portalpopmais.com.br\/en\/wp-json\/wp\/v2\/posts\/241878","targetHints":{"allow":["GET"]}}],"collection":[{"href":"https:\/\/portalpopmais.com.br\/en\/wp-json\/wp\/v2\/posts"}],"about":[{"href":"https:\/\/portalpopmais.com.br\/en\/wp-json\/wp\/v2\/types\/post"}],"author":[{"embeddable":true,"href":"https:\/\/portalpopmais.com.br\/en\/wp-json\/wp\/v2\/users\/38"}],"replies":[{"embeddable":true,"href":"https:\/\/portalpopmais.com.br\/en\/wp-json\/wp\/v2\/comments?post=241878"}],"version-history":[{"count":0,"href":"https:\/\/portalpopmais.com.br\/en\/wp-json\/wp\/v2\/posts\/241878\/revisions"}],"wp:featuredmedia":[{"embeddable":true,"href":"https:\/\/portalpopmais.com.br\/en\/wp-json\/wp\/v2\/media\/241880"}],"wp:attachment":[{"href":"https:\/\/portalpopmais.com.br\/en\/wp-json\/wp\/v2\/media?parent=241878"}],"wp:term":[{"taxonomy":"category","embeddable":true,"href":"https:\/\/portalpopmais.com.br\/en\/wp-json\/wp\/v2\/categories?post=241878"},{"taxonomy":"post_tag","embeddable":true,"href":"https:\/\/portalpopmais.com.br\/en\/wp-json\/wp\/v2\/tags?post=241878"}],"curies":[{"name":"wp","href":"https:\/\/api.w.org\/{rel}","templated":true}]}}