{"id":242387,"date":"2025-08-08T09:20:39","date_gmt":"2025-08-08T12:20:39","guid":{"rendered":"https:\/\/portalpopmais.com.br\/?p=242387"},"modified":"2025-08-08T09:23:03","modified_gmt":"2025-08-08T12:23:03","slug":"preta-gil-homenagens-51-anos","status":"publish","type":"post","link":"https:\/\/portalpopmais.com.br\/en\/preta-gil-homenagens-51-anos\/","title":{"rendered":"Preta Gil faria 51 anos nesta sexta; veja as homenagens dos amigos e da fam\u00edlia"},"content":{"rendered":"<p>Preta Gil, que faria 51 anos nesta sexta-feira, 8, foi homenageada por amigos e familiares nas redes sociais. Nara Gil, Gominho, Jude Paulla, entre outros. relembraram a amizade com a cantora, que morreu no dia 20 de julho, dois anos e meio ap\u00f3s anunciar o in\u00edcio de um tratamento contra o c\u00e2ncer no intestino em Nova York, Estados Unidos.<\/p>\n\n\n\n<p>Malu Barbosa escreveu: &#8220;Feliz anivers\u00e1rio, meu amor! Achei que estar\u00edamos comemorando hoje! Comemoro aqui sua vida! Te amo.&#8221;<\/p>\n\n\n\n<p>Junto da mensagem, ela publicou uma foto antiga da filha de Gilberto Gil.<\/p>\n\n\n\n<p>Gominho, Jude Paulla e Duh Marinho, amigos da cantora, tamb\u00e9m relembraram momentos felizes. Em uma s\u00e9rie de fotos e v\u00eddeos, mostraram Preta Gil em sua casa.<\/p>\n\n\n\n<p>Jude escreveu, em um dos stories no Instagram, sobre a surpresa que faria no anivers\u00e1rio da cantora: &#8220;Era para ser hoje sua festa l\u00e1 no apartamento do Boris l\u00e1 em Nova York. Todos os seus amigos iam chegar de surpresa! Muita saudade.&#8221;<\/p>\n\n\n\n<p>Duh Marinho tamb\u00e9m falou de sua conex\u00e3o com a artista, em um v\u00eddeo veiculado nas redes sociais. Ele lan\u00e7ou uma m\u00fasica em homenagem a ela, cujo trecho foi revelado com fotos e v\u00eddeos de alguns momentos vividos.<\/p>\n\n\n\n<p>&#8220;Essa \u00e9 uma homenagem pro nosso maior diamante. Estar\u00edamos fazendo a maior festa no dia de hoje como ela gostaria, essa m\u00fasica que a gente fez vai ficar eternizada em forma de saudade. Estar em sintonia com algu\u00e9m pode ser algo eterno se voc\u00ea sente o que n\u00e3o se v\u00ea.&#8221;<\/p>\n\n\n\n<p>&#8220;Dia 8 de agosto ser\u00e1 sempre o dia em que vamos celebrar o sol das nossas vidas! Essa musica \u00e9 mais uma extens\u00e3o de tudo de mais lindo e despretensioso que vivemos nesses anos todos de amizade. Preta vive e sua luz irradia nossas vidas. Que sua energia nos invada como a luz do sol no ver\u00e3o e nos preencha feito Brisa Dend\u00ea.&#8221;<\/p>\n\n\n\n<p>O nome da m\u00fasica \u00e9&nbsp;<em>Brisa Dend\u00ea<\/em>.<\/p>\n\n\n\n<p>Nara Gil, irm\u00e3 mais velha de Preta, realizou uma postagem nas redes sociais. &#8220;Sempre gostei de escrever e em muitos momentos soube o que dizer, agora j\u00e1 n\u00e3o sei. 8 de agosto. S\u00f3 amor e saudades&#8221;, escreveu.<\/p>\n\n\n\n<p>Nos coment\u00e1rios, a sobrinha Flor Gil respondeu: &#8220;Um amor infinito.&#8221;<\/p>\n\n\n\n<figure class=\"wp-block-embed is-type-video is-provider-youtube wp-block-embed-youtube wp-embed-aspect-4-3 wp-has-aspect-ratio\"><div class=\"wp-block-embed__wrapper\">\n<iframe loading=\"lazy\" title=\"Brisa Dend\u00ea\" width=\"880\" height=\"660\" src=\"https:\/\/www.youtube.com\/embed\/nX9I744WJaU?feature=oembed\" frameborder=\"0\" allow=\"accelerometer; autoplay; clipboard-write; encrypted-media; gyroscope; picture-in-picture; web-share\" referrerpolicy=\"strict-origin-when-cross-origin\" allowfullscreen><\/iframe>\n<\/div><\/figure>\n\n\n\n<h2 class=\"wp-block-heading\"><strong>Morte de Preta Gil<\/strong><\/h2>\n\n\n\n<p>Preta Gil morreu aos 50 anos em 20 de julho, em Nova York, em decorr\u00eancia de um c\u00e2ncer no intestino que tratava desde 2023. Ela estava nos Estados Unidos para realizar um tratamento experimental. Nesse per\u00edodo, recebeu a vista de amigos e familiares.<\/p>\n\n\n\n<p>Antes, por\u00e9m, ela realizou sess\u00f5es de radioterapia e tratamento cir\u00fargico no Brasil. A artista tamb\u00e9m passou por uma histerectomia total abdominal, procedimento que consiste na remo\u00e7\u00e3o do \u00fatero.<\/p>\n\n\n\n<p>Ap\u00f3s o tratamento prim\u00e1rio, entrou em uma fase sem manifesta\u00e7\u00e3o da doen\u00e7a, comumente chamada de &#8220;remiss\u00e3o&#8221;. Em outras palavras, o c\u00e2ncer n\u00e3o era mais detect\u00e1vel por exames f\u00edsicos, de imagem, tomografia e\/ou sangue.<\/p>\n\n\n\n<p>A doen\u00e7a, no entanto, voltou a se manifestar. Preta realizou uma cirurgia em dezembro do ano passado para a retirada de tumores e precisou utilizar uma bolsa de colostomia definitiva.<\/p>\n\n\n\n<p>Desde mar\u00e7o, a cantora relatava uma nova dificuldade: o esgotamento de tratamentos que poderiam ajudar na remiss\u00e3o da doen\u00e7a no Brasil. Ela explicou, durante uma passagem pelo Doming\u00e3o com Huck, que iria aos Estados Unidos com o objetivo de tentar novos m\u00e9todos de tratamento.<\/p>","protected":false},"excerpt":{"rendered":"<p>Preta Gil, que faria 51 anos nesta sexta-feira, 8, foi homenageada por amigos e familiares nas redes sociais. Nara Gil, Gominho, Jude Paulla, entre outros. relembraram a amizade com a cantora, que morreu no dia 20 de julho, dois anos e meio ap\u00f3s anunciar o in\u00edcio de um tratamento contra o c\u00e2ncer no intestino em [&hellip;]<\/p>\n","protected":false},"author":44,"featured_media":238801,"comment_status":"closed","ping_status":"closed","sticky":false,"template":"","format":"standard","meta":{"footnotes":""},"categories":[173],"tags":[567],"class_list":["post-242387","post","type-post","status-publish","format-standard","has-post-thumbnail","hentry","category-celebridades","tag-preta-gil"],"_links":{"self":[{"href":"https:\/\/portalpopmais.com.br\/en\/wp-json\/wp\/v2\/posts\/242387","targetHints":{"allow":["GET"]}}],"collection":[{"href":"https:\/\/portalpopmais.com.br\/en\/wp-json\/wp\/v2\/posts"}],"about":[{"href":"https:\/\/portalpopmais.com.br\/en\/wp-json\/wp\/v2\/types\/post"}],"author":[{"embeddable":true,"href":"https:\/\/portalpopmais.com.br\/en\/wp-json\/wp\/v2\/users\/44"}],"replies":[{"embeddable":true,"href":"https:\/\/portalpopmais.com.br\/en\/wp-json\/wp\/v2\/comments?post=242387"}],"version-history":[{"count":0,"href":"https:\/\/portalpopmais.com.br\/en\/wp-json\/wp\/v2\/posts\/242387\/revisions"}],"wp:featuredmedia":[{"embeddable":true,"href":"https:\/\/portalpopmais.com.br\/en\/wp-json\/wp\/v2\/media\/238801"}],"wp:attachment":[{"href":"https:\/\/portalpopmais.com.br\/en\/wp-json\/wp\/v2\/media?parent=242387"}],"wp:term":[{"taxonomy":"category","embeddable":true,"href":"https:\/\/portalpopmais.com.br\/en\/wp-json\/wp\/v2\/categories?post=242387"},{"taxonomy":"post_tag","embeddable":true,"href":"https:\/\/portalpopmais.com.br\/en\/wp-json\/wp\/v2\/tags?post=242387"}],"curies":[{"name":"wp","href":"https:\/\/api.w.org\/{rel}","templated":true}]}}