{"id":244085,"date":"2025-08-18T07:36:02","date_gmt":"2025-08-18T10:36:02","guid":{"rendered":"https:\/\/portalpopmais.com.br\/?p=244085"},"modified":"2025-08-18T07:36:05","modified_gmt":"2025-08-18T10:36:05","slug":"gilberto-gil-fala-preta-gil-primeiro-show-apos-morte","status":"publish","type":"post","link":"https:\/\/portalpopmais.com.br\/en\/gilberto-gil-fala-preta-gil-primeiro-show-apos-morte\/","title":{"rendered":"Gilberto Gil fala sobre Preta Gil em primeiro show ap\u00f3s a morte da filha; assista"},"content":{"rendered":"<p>O cantor e compositor Gilberto Gil voltou aos palcos neste domingo (17), no Audit\u00f3rio Ibirapuera, em S\u00e3o Paulo, em sua primeira apresenta\u00e7\u00e3o ap\u00f3s a <a href=\"https:\/\/portalpopmais.com.br\/en\/preta-gil-morre-aos-50-anos\/\" data-type=\"post\" data-id=\"237844\">morte da filha, Preta Gil<\/a>, no dia 20 de julho, aos 50 anos, em decorr\u00eancia de um c\u00e2ncer. O show integrou a Sess\u00e3o Inaugural do <strong>SP2B \u2013 S\u00e3o Paulo Beyond Business<\/strong>, evento fechado que reuniu nomes da m\u00fasica, da tecnologia e da cultura.<\/p>\n\n\n\n<p>Visivelmente emocionado, Gil, de 83 anos, interpretou sucessos de sua carreira e dedicou um dos momentos mais marcantes da noite \u00e0 filha. Ao iniciar <em>Dr\u00e3o<\/em> \u2014 composta para Sandra Gadelha, m\u00e3e de Preta \u2014 o artista lembrou da cantora:<br><em>\u201cNas vezes em que tenho tocado essa m\u00fasica ultimamente, tenho cantado para ela. Nesses \u00faltimos anos, sempre para ela. Uma das meninas l\u00e1 de casa, nossa querida Preta\u201d,<\/em> declarou, sob aplausos.<\/p>\n\n\n\n<p>Ap\u00f3s a can\u00e7\u00e3o, a plateia de cerca de 800 pessoas se levantou para ovacionar o artista, que permaneceu alguns segundos de olhos fechados, antes de abrir os bra\u00e7os em agradecimento.<\/p>\n\n\n\n<figure class=\"wp-block-embed is-type-rich is-provider-twitter wp-block-embed-twitter\"><div class=\"wp-block-embed__wrapper\">\n<blockquote class=\"twitter-tweet\" data-width=\"550\" data-dnt=\"true\"><p lang=\"pt\" dir=\"ltr\">Gilberto Gil fala sobre Preta Gil em primeiro show ap\u00f3s a morte da filha<a href=\"https:\/\/t.co\/RzsxUZBKUv\">pic.twitter.com\/RzsxUZBKUv<\/a><\/p>&mdash; Portal POP Mais (@sitepopmais) <a href=\"https:\/\/twitter.com\/sitepopmais\/status\/1957390659943374931?ref_src=twsrc%5Etfw\" target=\"_blank\" rel=\"noopener\">August 18, 2025<\/a><\/blockquote><script async src=\"https:\/\/platform.twitter.com\/widgets.js\" charset=\"utf-8\"><\/script>\n<\/div><\/figure>\n\n\n\n<h3 class=\"wp-block-heading\">Repert\u00f3rio de homenagens e cl\u00e1ssicos<\/h3>\n\n\n\n<p>O show foi aberto com <em>Punk da Periferia<\/em> e contou com cl\u00e1ssicos como <em>Palco<\/em>, <em>Chiclete com Banana<\/em>, <em>Ladeira da Pregui\u00e7a<\/em> \u2014 eternizada por Elis Regina \u2014, <em>Aquele Abra\u00e7o<\/em>, <em>Andar com F\u00e9<\/em> e <em>Tempo Rei<\/em>.<\/p>\n\n\n\n<p>Gil estava acompanhado pelos filhos Jos\u00e9 Gil, na bateria, e Bem Gil, na guitarra, frutos do casamento com Flora Gil.<\/p>\n\n\n\n<p>A emo\u00e7\u00e3o tomou conta novamente com <em>Estrela<\/em> (1997). \u201cPara as crian\u00e7as l\u00e1 em casa, quando vai-se algu\u00e9m, especialmente assim na fam\u00edlia, dizemos a elas que virou uma estrela\u201d, disse o artista, antes de iniciar a can\u00e7\u00e3o.<\/p>\n\n\n\n<p>No repert\u00f3rio, ainda estiveram presentes <em>Esot\u00e9rico<\/em>, <em>N\u00e3o Chore Mais<\/em>, <em>Vamos Fugir<\/em> \u2014 conhecida na voz do Skank \u2014, <em>Esperando na Janela<\/em>, <em>Maracatu At\u00f4mico<\/em> e <em>Toda Menina Baiana<\/em>, que encerrou a apresenta\u00e7\u00e3o sob fortes aplausos.<\/p>\n\n\n\n<h3 class=\"wp-block-heading\">Retomada da turn\u00ea<\/h3>\n\n\n\n<p>O show, segundo os organizadores, foi planejado como uma homenagem \u00e0 cidade de S\u00e3o Paulo. Al\u00e9m de Gil, o evento contou com a participa\u00e7\u00e3o do historiador israelense <strong>Yuval Noah Harari<\/strong>, que fez uma palestra seguida de conversa com Pedro Bial.<\/p>\n\n\n\n<p>Gil retoma a turn\u00ea <em>Tempo Rei<\/em> em setembro, em Porto Alegre. Em S\u00e3o Paulo, os pr\u00f3ximos shows est\u00e3o marcados para os dias <strong>17 e 18 de outubro<\/strong>.<\/p>","protected":false},"excerpt":{"rendered":"<p>O cantor e compositor Gilberto Gil voltou aos palcos neste domingo (17), no Audit\u00f3rio Ibirapuera, em S\u00e3o Paulo, em sua primeira apresenta\u00e7\u00e3o ap\u00f3s a morte da filha, Preta Gil, no dia 20 de julho, aos 50 anos, em decorr\u00eancia de um c\u00e2ncer. O show integrou a Sess\u00e3o Inaugural do SP2B \u2013 S\u00e3o Paulo Beyond Business, [&hellip;]<\/p>\n","protected":false},"author":1,"featured_media":216440,"comment_status":"closed","ping_status":"closed","sticky":false,"template":"","format":"standard","meta":{"footnotes":""},"categories":[173,154],"tags":[2969,567],"class_list":["post-244085","post","type-post","status-publish","format-standard","has-post-thumbnail","hentry","category-celebridades","category-musica","tag-gilberto-gil","tag-preta-gil"],"_links":{"self":[{"href":"https:\/\/portalpopmais.com.br\/en\/wp-json\/wp\/v2\/posts\/244085","targetHints":{"allow":["GET"]}}],"collection":[{"href":"https:\/\/portalpopmais.com.br\/en\/wp-json\/wp\/v2\/posts"}],"about":[{"href":"https:\/\/portalpopmais.com.br\/en\/wp-json\/wp\/v2\/types\/post"}],"author":[{"embeddable":true,"href":"https:\/\/portalpopmais.com.br\/en\/wp-json\/wp\/v2\/users\/1"}],"replies":[{"embeddable":true,"href":"https:\/\/portalpopmais.com.br\/en\/wp-json\/wp\/v2\/comments?post=244085"}],"version-history":[{"count":0,"href":"https:\/\/portalpopmais.com.br\/en\/wp-json\/wp\/v2\/posts\/244085\/revisions"}],"wp:featuredmedia":[{"embeddable":true,"href":"https:\/\/portalpopmais.com.br\/en\/wp-json\/wp\/v2\/media\/216440"}],"wp:attachment":[{"href":"https:\/\/portalpopmais.com.br\/en\/wp-json\/wp\/v2\/media?parent=244085"}],"wp:term":[{"taxonomy":"category","embeddable":true,"href":"https:\/\/portalpopmais.com.br\/en\/wp-json\/wp\/v2\/categories?post=244085"},{"taxonomy":"post_tag","embeddable":true,"href":"https:\/\/portalpopmais.com.br\/en\/wp-json\/wp\/v2\/tags?post=244085"}],"curies":[{"name":"wp","href":"https:\/\/api.w.org\/{rel}","templated":true}]}}