{"id":244155,"date":"2025-08-18T11:55:46","date_gmt":"2025-08-18T14:55:46","guid":{"rendered":"https:\/\/portalpopmais.com.br\/?p=244155"},"modified":"2025-08-18T12:19:41","modified_gmt":"2025-08-18T15:19:41","slug":"a-mulher-da-casa-abandonada-como-estao-rene-e-margarida-bonetti","status":"publish","type":"post","link":"https:\/\/portalpopmais.com.br\/en\/a-mulher-da-casa-abandonada-como-estao-rene-e-margarida-bonetti\/","title":{"rendered":"&#8216;A Mulher da Casa Abandonada&#8217;: Como est\u00e3o Rene e Margarida Bonetti?"},"content":{"rendered":"<p>O sucesso do podcast A Mulher da Casa Abandonada, de Chico Felitti, se tornou uma s\u00e9rie da Amazon Prime Video com tr\u00eas epis\u00f3dios, que estreou na \u00faltima sexta-feira, 15. Nele, acompanhamos a hist\u00f3ria de Margarida Bonetti, moradora de uma casa &#8220;abandonada&#8221; no bairro de Higien\u00f3polis, em S\u00e3o Paulo. Ela era investigada nos Estados Unidos por ter submetido uma empregada dom\u00e9stica, Hilda Santos, a situa\u00e7\u00e3o an\u00e1loga \u00e0 escravid\u00e3o, e era foragida do pa\u00eds, onde morava com o marido Rene.<\/p>\n\n\n\n<p>A s\u00e9rie trouxe uma nova perspectiva para o caso de Margarida, com o depoimento da v\u00edtima que foi explorada, Hilda, e de Rene.<\/p>\n\n\n\n<p><strong>Onde eles est\u00e3o?<\/strong><\/p>\n\n\n\n<p>Atualmente, Hilda ainda mora nos Estados Unidos e participa de palestras sobre trabalho escravo. Rene, por sua vez, n\u00e3o retornou ao Brasil durante a investiga\u00e7\u00e3o. Ele foi condenado a seis anos e meio de pris\u00e3o e uma indeniza\u00e7\u00e3o de US$ 110 mil, que pagou.<\/p>\n\n\n\n<p>O marido de Margarida trabalha em uma empresa aeroespacial, a Northrop Grumman Innovation Systems. Margarida, por fim, n\u00e3o participou da s\u00e9rie. Ela continua at\u00e9 hoje na mans\u00e3o. O processo pelo qual foi acusada, que ocorreu entre os anos 1990 e 2000, foi prescrito.<\/p>\n\n\n\n<p><strong>Onde assistir \u00e0 s\u00e9rie &#8216;A Mulher da Casa Abandonada&#8217;?<\/strong><\/p>\n\n\n\n<p>A s\u00e9rie est\u00e1 dispon\u00edvel no Prime V\u00eddeo desde 15 de agosto.<\/p>","protected":false},"excerpt":{"rendered":"<p>O sucesso do podcast A Mulher da Casa Abandonada, de Chico Felitti, se tornou uma s\u00e9rie da Amazon Prime Video com tr\u00eas epis\u00f3dios, que estreou na \u00faltima sexta-feira, 15. Nele, acompanhamos a hist\u00f3ria de Margarida Bonetti, moradora de uma casa &#8220;abandonada&#8221; no bairro de Higien\u00f3polis, em S\u00e3o Paulo. Ela era investigada nos Estados Unidos por [&hellip;]<\/p>\n","protected":false},"author":44,"featured_media":244160,"comment_status":"closed","ping_status":"closed","sticky":false,"template":"","format":"standard","meta":{"footnotes":""},"categories":[174],"tags":[],"class_list":["post-244155","post","type-post","status-publish","format-standard","has-post-thumbnail","hentry","category-filmes-series"],"_links":{"self":[{"href":"https:\/\/portalpopmais.com.br\/en\/wp-json\/wp\/v2\/posts\/244155","targetHints":{"allow":["GET"]}}],"collection":[{"href":"https:\/\/portalpopmais.com.br\/en\/wp-json\/wp\/v2\/posts"}],"about":[{"href":"https:\/\/portalpopmais.com.br\/en\/wp-json\/wp\/v2\/types\/post"}],"author":[{"embeddable":true,"href":"https:\/\/portalpopmais.com.br\/en\/wp-json\/wp\/v2\/users\/44"}],"replies":[{"embeddable":true,"href":"https:\/\/portalpopmais.com.br\/en\/wp-json\/wp\/v2\/comments?post=244155"}],"version-history":[{"count":0,"href":"https:\/\/portalpopmais.com.br\/en\/wp-json\/wp\/v2\/posts\/244155\/revisions"}],"wp:featuredmedia":[{"embeddable":true,"href":"https:\/\/portalpopmais.com.br\/en\/wp-json\/wp\/v2\/media\/244160"}],"wp:attachment":[{"href":"https:\/\/portalpopmais.com.br\/en\/wp-json\/wp\/v2\/media?parent=244155"}],"wp:term":[{"taxonomy":"category","embeddable":true,"href":"https:\/\/portalpopmais.com.br\/en\/wp-json\/wp\/v2\/categories?post=244155"},{"taxonomy":"post_tag","embeddable":true,"href":"https:\/\/portalpopmais.com.br\/en\/wp-json\/wp\/v2\/tags?post=244155"}],"curies":[{"name":"wp","href":"https:\/\/api.w.org\/{rel}","templated":true}]}}