{"id":244534,"date":"2025-08-19T15:41:46","date_gmt":"2025-08-19T18:41:46","guid":{"rendered":"https:\/\/portalpopmais.com.br\/?p=244534"},"modified":"2025-08-19T15:41:48","modified_gmt":"2025-08-19T18:41:48","slug":"bbc-cancela-estreia-de-documentario-sobre-ozzy-osbourne-horas-antes-de-ir-ao-ar","status":"publish","type":"post","link":"https:\/\/portalpopmais.com.br\/en\/bbc-cancela-estreia-de-documentario-sobre-ozzy-osbourne-horas-antes-de-ir-ao-ar\/","title":{"rendered":"BBC cancela estreia de document\u00e1rio sobre Ozzy Osbourne horas antes de ir ao ar"},"content":{"rendered":"\n<p>A BBC tirou de sua programa\u00e7\u00e3o o document\u00e1rio&nbsp;<em>Ozzy Osbourne: Coming Home<\/em>&nbsp;horas antes de o filme ir ao ar, na manh\u00e3 desta segunda-feira, 18. Segundo a emissora brit\u00e2nica, a decis\u00e3o de \u00faltima hora respeita &#8220;o desejo da fam\u00edlia&#8221;. Por enquanto, n\u00e3o h\u00e1 uma nova data prevista de exibi\u00e7\u00e3o.<\/p>\n\n\n\n<p>&#8220;Nossos sentimentos est\u00e3o com a fam\u00edlia Osbourne neste momento dif\u00edcil. Respeitamos o desejo da fam\u00edlia de esperar um pouco mais antes de exibir este filme t\u00e3o especial. A nova data [de transmiss\u00e3o] ser\u00e1 confirmada em breve&#8221;, disse a BBC em um comunicado.<\/p>\n\n\n\n<p>Concebido inicialmente para ser uma s\u00e9rie, o material virou um filme de uma hora sobre os tr\u00eas \u00faltimos anos de vida de Ozzy Osbourne.<\/p>\n\n\n\n<p>A estreia do document\u00e1rio na BBC One estava prevista para 18 de agosto, \u00e0s 21h do hor\u00e1rio local (17h no hor\u00e1rio de Bras\u00edlia), menos de um m\u00eas ap\u00f3s a morte do \u00edcone do heavy metal, que aconteceu em 22 de julho.<\/p>\n\n\n\n<p>A ideia era mostrar a jornada do Pr\u00edncipe das Trevas e de sua mulher e empres\u00e1ria, Sharon Osborne, na volta deles para o Reino Unido, al\u00e9m de todo o esfor\u00e7o f\u00edsico do cantor em sua prepara\u00e7\u00e3o para se apresentar no show de despedida do Black Sabbath, em Birmingham, que aconteceu apenas duas semanas antes de sua morte<\/p>\n\n\n\n<h3 class=\"wp-block-heading\"><strong>Outro filme previsto<\/strong><\/h3>\n\n\n\n<p>Quatro dias antes da morte de Ozzy Osbourne, em 18 de julho, o perfil oficial do cantor, o de Sharon Osbourne e a Mercury Studios, empresa respons\u00e1vel pela capta\u00e7\u00e3o do show de despedida do \u00edcone do heavy metal, confirmaram que a apresenta\u00e7\u00e3o vai virar um filme e ser\u00e1 exibido nos cinemas em 2026.<\/p>\n\n\n\n<p>Esse material, no entanto, n\u00e3o tem rela\u00e7\u00e3o com o filme da BBC, que j\u00e1 estava sendo gravado tr\u00eas anos antes da morte de Ozzy.<\/p>\n\n\n\n<p>Ozzy Osbourne morreu em 22 de julho em sua casa em Birmingham, mesma cidade onde nasceu o Black Sabbath e onde ele fez seu show de despedida duas semana antes.<\/p>\n\n\n\n<p>O cantor tinha 76 anos e sofreu uma parada card\u00edaca em decorr\u00eancia de sua doen\u00e7a arterial coronariana e Parkinson.<\/p>\n","protected":false},"excerpt":{"rendered":"<p>A BBC tirou de sua programa\u00e7\u00e3o o document\u00e1rio&nbsp;Ozzy Osbourne: Coming Home&nbsp;horas antes de o filme ir ao ar, na manh\u00e3 desta segunda-feira, 18. Segundo a emissora brit\u00e2nica, a decis\u00e3o de \u00faltima hora respeita &#8220;o desejo da fam\u00edlia&#8221;. Por enquanto, n\u00e3o h\u00e1 uma nova data prevista de exibi\u00e7\u00e3o. &#8220;Nossos sentimentos est\u00e3o com a fam\u00edlia Osbourne neste [&hellip;]<\/p>\n","protected":false},"author":44,"featured_media":136993,"comment_status":"closed","ping_status":"closed","sticky":false,"template":"","format":"standard","meta":{"footnotes":""},"categories":[154,174],"tags":[6975,5313],"class_list":["post-244534","post","type-post","status-publish","format-standard","has-post-thumbnail","hentry","category-musica","category-filmes-series","tag-bbc","tag-ozzy-osbourne"],"_links":{"self":[{"href":"https:\/\/portalpopmais.com.br\/en\/wp-json\/wp\/v2\/posts\/244534","targetHints":{"allow":["GET"]}}],"collection":[{"href":"https:\/\/portalpopmais.com.br\/en\/wp-json\/wp\/v2\/posts"}],"about":[{"href":"https:\/\/portalpopmais.com.br\/en\/wp-json\/wp\/v2\/types\/post"}],"author":[{"embeddable":true,"href":"https:\/\/portalpopmais.com.br\/en\/wp-json\/wp\/v2\/users\/44"}],"replies":[{"embeddable":true,"href":"https:\/\/portalpopmais.com.br\/en\/wp-json\/wp\/v2\/comments?post=244534"}],"version-history":[{"count":0,"href":"https:\/\/portalpopmais.com.br\/en\/wp-json\/wp\/v2\/posts\/244534\/revisions"}],"wp:featuredmedia":[{"embeddable":true,"href":"https:\/\/portalpopmais.com.br\/en\/wp-json\/wp\/v2\/media\/136993"}],"wp:attachment":[{"href":"https:\/\/portalpopmais.com.br\/en\/wp-json\/wp\/v2\/media?parent=244534"}],"wp:term":[{"taxonomy":"category","embeddable":true,"href":"https:\/\/portalpopmais.com.br\/en\/wp-json\/wp\/v2\/categories?post=244534"},{"taxonomy":"post_tag","embeddable":true,"href":"https:\/\/portalpopmais.com.br\/en\/wp-json\/wp\/v2\/tags?post=244534"}],"curies":[{"name":"wp","href":"https:\/\/api.w.org\/{rel}","templated":true}]}}