{"id":244537,"date":"2025-08-19T15:44:16","date_gmt":"2025-08-19T18:44:16","guid":{"rendered":"https:\/\/portalpopmais.com.br\/?p=244537"},"modified":"2025-08-19T15:45:27","modified_gmt":"2025-08-19T18:45:27","slug":"gilberto-gil-leva-turne-de-despedida-a-argentina-com-show-em-buenos-aires","status":"publish","type":"post","link":"https:\/\/portalpopmais.com.br\/en\/gilberto-gil-leva-turne-de-despedida-a-argentina-com-show-em-buenos-aires\/","title":{"rendered":"Gilberto Gil leva turn\u00ea de despedida \u00e0 Argentina com show em Buenos Aires"},"content":{"rendered":"<p>Gilberto Gil est\u00e1 se preparando para uma despedida memor\u00e1vel. Aos 83 anos, o cantor e compositor baiano levar\u00e1 sua turn\u00ea&nbsp;<em>Tempo Rei<\/em>&nbsp;para Buenos Aires, na Argentina, com um show marcado para o dia 31 de outubro na Movistar Arena. Os ingressos para a apresenta\u00e7\u00e3o estar\u00e3o dispon\u00edveis a partir desta quarta-feira, 20.<\/p>\n\n\n\n<p>A passagem pela capital argentina faz parte da turn\u00ea que celebra os 60 anos de carreira de Gil e marca sua sa\u00edda dos palcos. Reconhecido como um dos \u00edcones da m\u00fasica popular brasileira, o artista re\u00fane no espet\u00e1culo cl\u00e1ssicos que atravessam gera\u00e7\u00f5es, mesclando inova\u00e7\u00e3o, poesia e engajamento social em sua obra.<\/p>\n\n\n\n<p>Originalmente prevista para se encerrar neste ano, a turn\u00ea foi estendida at\u00e9 2026. A decis\u00e3o foi anunciada ap\u00f3s a remarca\u00e7\u00e3o do show em Bel\u00e9m (PA), que agora acontecer\u00e1 em 21 de mar\u00e7o de 2026. A data anterior, 9 de agosto de 2025, foi reconsiderada por coincidir com um per\u00edodo sens\u00edvel para a fam\u00edlia Gil, pr\u00f3ximo ao anivers\u00e1rio de Preta Gil, que morreu no dia 20 de julho.<\/p>\n\n\n\n<p>Antes da despedida definitiva, Gil ainda se apresenta em diversas cidades brasileiras em 2025. Em setembro, ele passa por Porto Alegre (6\/9); em outubro, por S\u00e3o Paulo (17 e 18\/10) e Rio de Janeiro (25 e 26\/10); e, em novembro, por Fortaleza (15 e 16\/11) e Recife (22, 23 e 28\/11). A capital baiana, Salvador, encerra a turn\u00ea em solo brasileiro no dia 20 de dezembro.<\/p>\n\n\n\n<p>Al\u00e9m dos shows em terra firme, a turn\u00ea tamb\u00e9m inclui uma apresenta\u00e7\u00e3o especial em alto-mar. O&nbsp;<em>Navio Tempo Rei<\/em>&nbsp;partir\u00e1 do porto de Santos (SP) em 1\u00ba de dezembro e navegar\u00e1 at\u00e9 o dia 4, com um cruzeiro tem\u00e1tico que reunir\u00e1 Gilberto Gil e convidados.<\/p>","protected":false},"excerpt":{"rendered":"<p>Gilberto Gil est\u00e1 se preparando para uma despedida memor\u00e1vel. Aos 83 anos, o cantor e compositor baiano levar\u00e1 sua turn\u00ea&nbsp;Tempo Rei&nbsp;para Buenos Aires, na Argentina, com um show marcado para o dia 31 de outubro na Movistar Arena. Os ingressos para a apresenta\u00e7\u00e3o estar\u00e3o dispon\u00edveis a partir desta quarta-feira, 20. A passagem pela capital argentina [&hellip;]<\/p>\n","protected":false},"author":44,"featured_media":244538,"comment_status":"closed","ping_status":"closed","sticky":false,"template":"","format":"standard","meta":{"footnotes":""},"categories":[154],"tags":[2969],"class_list":["post-244537","post","type-post","status-publish","format-standard","has-post-thumbnail","hentry","category-musica","tag-gilberto-gil"],"_links":{"self":[{"href":"https:\/\/portalpopmais.com.br\/en\/wp-json\/wp\/v2\/posts\/244537","targetHints":{"allow":["GET"]}}],"collection":[{"href":"https:\/\/portalpopmais.com.br\/en\/wp-json\/wp\/v2\/posts"}],"about":[{"href":"https:\/\/portalpopmais.com.br\/en\/wp-json\/wp\/v2\/types\/post"}],"author":[{"embeddable":true,"href":"https:\/\/portalpopmais.com.br\/en\/wp-json\/wp\/v2\/users\/44"}],"replies":[{"embeddable":true,"href":"https:\/\/portalpopmais.com.br\/en\/wp-json\/wp\/v2\/comments?post=244537"}],"version-history":[{"count":0,"href":"https:\/\/portalpopmais.com.br\/en\/wp-json\/wp\/v2\/posts\/244537\/revisions"}],"wp:featuredmedia":[{"embeddable":true,"href":"https:\/\/portalpopmais.com.br\/en\/wp-json\/wp\/v2\/media\/244538"}],"wp:attachment":[{"href":"https:\/\/portalpopmais.com.br\/en\/wp-json\/wp\/v2\/media?parent=244537"}],"wp:term":[{"taxonomy":"category","embeddable":true,"href":"https:\/\/portalpopmais.com.br\/en\/wp-json\/wp\/v2\/categories?post=244537"},{"taxonomy":"post_tag","embeddable":true,"href":"https:\/\/portalpopmais.com.br\/en\/wp-json\/wp\/v2\/tags?post=244537"}],"curies":[{"name":"wp","href":"https:\/\/api.w.org\/{rel}","templated":true}]}}