{"id":244656,"date":"2025-08-20T10:26:33","date_gmt":"2025-08-20T13:26:33","guid":{"rendered":"https:\/\/portalpopmais.com.br\/?p=244656"},"modified":"2025-08-20T10:32:44","modified_gmt":"2025-08-20T13:32:44","slug":"video-de-oruam-cantando-em-aniversario-de-pastor-volta-a-viralizar-na-web","status":"publish","type":"post","link":"https:\/\/portalpopmais.com.br\/en\/video-de-oruam-cantando-em-aniversario-de-pastor-volta-a-viralizar-na-web\/","title":{"rendered":"V\u00eddeo de Oruam cantando em anivers\u00e1rio de pastor volta a viralizar na web"},"content":{"rendered":"<p class=\"wp-block-paragraph\">O v\u00eddeo de Oruam soltando a voz no anivers\u00e1rio do pastor Marcos Pereira, em 2024, voltou a rodar pelas redes sociais e, claro, n\u00e3o passou despercebido. Em uma das grava\u00e7\u00f5es, o rapper aparece cantando \u201cTerra Prometida\u201d, durante a celebra\u00e7\u00e3o.<\/p>\n\n\n\n<p class=\"wp-block-paragraph\">A cena, que j\u00e1 tinha dado o que falar na \u00e9poca, quando gerou coment\u00e1rios de todo tipo. Enquanto alguns acharam curioso o encontro do rap com o p\u00falpito, outros n\u00e3o perdoaram nas cr\u00edticas.<\/p>\n\n\n\n<p class=\"wp-block-paragraph\">\u201cEu n\u00e3o sabia que Oruam era evang\u00e9lico ou agora as trevas e a luz t\u00eam comunh\u00e3o?\u201d, disparou um seguidor. Teve ainda quem zombou da situa\u00e7\u00e3o: \u201cQue vai ter Oruam eu j\u00e1 vi, mas e Jesus, vai?\u201d.<\/p>\n\n\n\n<figure class=\"wp-block-embed is-type-rich is-provider-twitter wp-block-embed-twitter\"><div class=\"wp-block-embed__wrapper\">\n<blockquote class=\"twitter-tweet\" data-width=\"550\" data-dnt=\"true\"><p lang=\"pt\" dir=\"ltr\">Oruam cantando &quot;Terra Prometida&quot; no anivers\u00e1rio do Pastor Marcos Pereira, ontem <a href=\"https:\/\/t.co\/2ZpxhJQQtM\">pic.twitter.com\/2ZpxhJQQtM<\/a><\/p>&mdash; QG Oruam (@QgOruam) <a href=\"https:\/\/twitter.com\/QgOruam\/status\/1730262226127159421?ref_src=twsrc%5Etfw\" target=\"_blank\" rel=\"noopener\">November 30, 2023<\/a><\/blockquote><script async src=\"https:\/\/platform.twitter.com\/widgets.js\" charset=\"utf-8\"><\/script>\n<\/div><\/figure>\n\n\n\n<figure class=\"wp-block-embed is-type-rich is-provider-twitter wp-block-embed-twitter\"><div class=\"wp-block-embed__wrapper\">\n<blockquote class=\"twitter-tweet\" data-width=\"550\" data-dnt=\"true\"><p lang=\"pt\" dir=\"ltr\">Oruam cantando &quot;Escolho Deus&quot; de Thales Roberto, ontem no anivers\u00e1rio do Pastor Marcos Pereira. <a href=\"https:\/\/t.co\/vFeGfwaEVD\">pic.twitter.com\/vFeGfwaEVD<\/a><\/p>&mdash; QG Oruam (@QgOruam) <a href=\"https:\/\/twitter.com\/QgOruam\/status\/1730262674632593896?ref_src=twsrc%5Etfw\" target=\"_blank\" rel=\"noopener\">November 30, 2023<\/a><\/blockquote><script async src=\"https:\/\/platform.twitter.com\/widgets.js\" charset=\"utf-8\"><\/script>\n<\/div><\/figure>\n\n\n\n<p class=\"wp-block-paragraph\">O pastor, por sua vez, tamb\u00e9m acabou virando alvo de piadas por ter colocado o rapper como atra\u00e7\u00e3o musical do culto que marcou sua comemora\u00e7\u00e3o.<\/p>\n\n\n\n<h3 class=\"wp-block-heading\"><strong>Pris\u00e3o<\/strong><\/h3>\n\n\n\n<p class=\"wp-block-paragraph\">Atualmente detido no Complexo Penitenci\u00e1rio de Gericin\u00f3 (Bangu 3), o filho de Marcinho VP chegou a divulgar recentemente uma carta aberta aos f\u00e3s, onde disse estar passando por um per\u00edodo que n\u00e3o deseja a ningu\u00e9m, mas que segue confiante na justi\u00e7a.<\/p>\n\n\n\n<blockquote class=\"wp-block-quote is-layout-flow wp-block-quote-is-layout-flow\">\n<p class=\"wp-block-paragraph\"><em>\u201cQuero que todos saibam que estou bem, com a cabe\u00e7a erguida e o cora\u00e7\u00e3o cheio de esperan\u00e7a. Mantendo o sorriso no rosto e a certeza de que a verdade uma hora vai vir \u00e0 tona\u201d<\/em>, escreveu o artista.<\/p>\n<\/blockquote>\n\n\n\n<figure class=\"wp-block-image size-full\"><img loading=\"lazy\" decoding=\"async\" width=\"955\" height=\"525\" src=\"https:\/\/portalpopmais.com.br\/wp-content\/uploads\/2025\/08\/carta-oruam.jpg\" alt=\"\" class=\"wp-image-244681\" title=\"\"><figcaption class=\"wp-element-caption\">Reprodu\u00e7\u00e3o \/ Instagram<\/figcaption><\/figure>\n\n\n\n<p class=\"wp-block-paragraph\">Oruam foi preso no dia 22 de julho, ap\u00f3s se entregar \u00e0 pol\u00edcia em meio a uma confus\u00e3o na porta de casa, no Jo\u00e1, na Zona Oeste do Rio. No epis\u00f3dio, ele e outras pessoas chegaram a atirar pedras contra uma viatura da Pol\u00edcia Civil, deixando um agente ferido.<\/p>\n\n\n\n<p class=\"wp-block-paragraph\">Desde ent\u00e3o, o cantor responde na Justi\u00e7a por tentativa de homic\u00eddio, al\u00e9m de les\u00e3o corporal, desacato e dano ao patrim\u00f4nio.<\/p>","protected":false},"excerpt":{"rendered":"<p>O v\u00eddeo de Oruam soltando a voz no anivers\u00e1rio do pastor Marcos Pereira, em 2024, voltou a rodar pelas redes sociais e, claro, n\u00e3o passou despercebido. Em uma das grava\u00e7\u00f5es, o rapper aparece cantando \u201cTerra Prometida\u201d, durante a celebra\u00e7\u00e3o. A cena, que j\u00e1 tinha dado o que falar na \u00e9poca, quando gerou coment\u00e1rios de todo [&hellip;]<\/p>\n","protected":false},"author":38,"featured_media":244610,"comment_status":"closed","ping_status":"closed","sticky":false,"template":"","format":"standard","meta":{"footnotes":""},"categories":[173],"tags":[11331],"class_list":["post-244656","post","type-post","status-publish","format-standard","has-post-thumbnail","hentry","category-celebridades","tag-oruam"],"_links":{"self":[{"href":"https:\/\/portalpopmais.com.br\/en\/wp-json\/wp\/v2\/posts\/244656","targetHints":{"allow":["GET"]}}],"collection":[{"href":"https:\/\/portalpopmais.com.br\/en\/wp-json\/wp\/v2\/posts"}],"about":[{"href":"https:\/\/portalpopmais.com.br\/en\/wp-json\/wp\/v2\/types\/post"}],"author":[{"embeddable":true,"href":"https:\/\/portalpopmais.com.br\/en\/wp-json\/wp\/v2\/users\/38"}],"replies":[{"embeddable":true,"href":"https:\/\/portalpopmais.com.br\/en\/wp-json\/wp\/v2\/comments?post=244656"}],"version-history":[{"count":0,"href":"https:\/\/portalpopmais.com.br\/en\/wp-json\/wp\/v2\/posts\/244656\/revisions"}],"wp:featuredmedia":[{"embeddable":true,"href":"https:\/\/portalpopmais.com.br\/en\/wp-json\/wp\/v2\/media\/244610"}],"wp:attachment":[{"href":"https:\/\/portalpopmais.com.br\/en\/wp-json\/wp\/v2\/media?parent=244656"}],"wp:term":[{"taxonomy":"category","embeddable":true,"href":"https:\/\/portalpopmais.com.br\/en\/wp-json\/wp\/v2\/categories?post=244656"},{"taxonomy":"post_tag","embeddable":true,"href":"https:\/\/portalpopmais.com.br\/en\/wp-json\/wp\/v2\/tags?post=244656"}],"curies":[{"name":"wp","href":"https:\/\/api.w.org\/{rel}","templated":true}]}}