{"id":245775,"date":"2025-08-24T12:50:59","date_gmt":"2025-08-24T15:50:59","guid":{"rendered":"https:\/\/portalpopmais.com.br\/?p=245775"},"modified":"2025-08-25T15:23:33","modified_gmt":"2025-08-25T18:23:33","slug":"paola-carosella-repercussao-blogueirinha","status":"publish","type":"post","link":"https:\/\/portalpopmais.com.br\/en\/paola-carosella-repercussao-blogueirinha\/","title":{"rendered":"Paola Carosella lamenta repercuss\u00e3o de entrevista com Blogueirinha e desabafa: \u2018N\u00e3o sabem que \u00e9 crime\u2019"},"content":{"rendered":"<p class=\"wp-block-paragraph\">A chef <strong>Paola Carosella<\/strong> se pronunciou neste s\u00e1bado (23) ap\u00f3s a repercuss\u00e3o de sua <a href=\"https:\/\/portalpopmais.com.br\/en\/treta-paola-carosella-e-blogueirinha\/\">participa\u00e7\u00e3o no programa <em>De Frente com Blogueirinha<\/em><\/a>, apresentado pela personagem criada por <strong>Bruno Matos<\/strong>. Nas redes sociais, trechos da entrevista viralizaram, especialmente uma fala em que Paola mencionou os gostos musicais de sua filha, de 13 anos. A situa\u00e7\u00e3o acabou gerando especula\u00e7\u00f5es sobre a sexualidade da adolescente, o que levou a chef a se manifestar publicamente.<\/p>\n\n\n\n<p class=\"wp-block-paragraph\">Durante a entrevista, Paola contou ter presenteado a filha com um <strong>walkman<\/strong> e citou artistas como <strong>Billie Eilish, Chappell Roan, Doechii e Rene\u00e9 Rapp<\/strong> como algumas das favoritas da jovem. No entanto, em um v\u00eddeo publicado por Blogueirinha e posteriormente apagado, a personagem comentou: <em>\u201cSe eu fosse t\u00e3o \u00e1cida assim, eu tinha falado da Billie Eilish e da Chappell Roan, t\u00e1? \u00c9 que eu fiquei quieta na hora\u201d<\/em>. A declara\u00e7\u00e3o foi interpretada por parte do p\u00fablico como uma alus\u00e3o \u00e0 sexualidade da menina.<\/p>\n\n\n\n<p class=\"wp-block-paragraph\">A repercuss\u00e3o negativa tomou conta das redes sociais. Com mais de <strong>4 milh\u00f5es de seguidores no Instagram<\/strong>, Blogueirinha se viu no centro da pol\u00eamica e precisou se pronunciar. Em nota, afirmou lamentar o \u201cmal-entendido\u201d com a chef: <em>\u201c\u00c9 ultrajante, lament\u00e1vel e sujo que isso tenha ido para esse lugar que n\u00e3o me pertence e nem nunca pertenceu\u201d<\/em>.<\/p>\n\n\n\n<p class=\"wp-block-paragraph\">J\u00e1 Paola Carosella usou seu perfil no Instagram para publicar uma foto de m\u00e3os dadas com a filha e refletir sobre os limites da internet e do humor. <em>\u201cA internet \u00e9 um labirinto de espelhos, onde tudo se deturpa, onde n\u00e3o parecem existir regras nem limites. O que aqui acontece \u00e9 verdade ou \u00e9 fic\u00e7\u00e3o? Pode tudo? Parece que ainda n\u00e3o sabemos\u201d<\/em>, escreveu.<\/p>\n\n\n<div class=\"wp-block-image\">\n<figure class=\"aligncenter size-full\"><img loading=\"lazy\" decoding=\"async\" width=\"750\" height=\"437\" src=\"https:\/\/portalpopmais.com.br\/wp-content\/uploads\/2025\/08\/image-133.png\" alt=\"\" class=\"wp-image-245776\" style=\"aspect-ratio:16\/9;object-fit:cover\" title=\"\" srcset=\"https:\/\/portalpopmais.com.br\/wp-content\/uploads\/2025\/08\/image-133.png 750w, https:\/\/portalpopmais.com.br\/wp-content\/uploads\/2025\/08\/image-133-18x10.png 18w\" sizes=\"auto, (max-width: 750px) 100vw, 750px\" \/><figcaption class=\"wp-element-caption\">A chef Paola Carosella participa do podcast &#8220;De Frente com Blogueirinha&#8221; &#8211; Reprodu\u00e7\u00e3o\/ YouTube<\/figcaption><\/figure>\n<\/div>\n\n\n<p class=\"wp-block-paragraph\">Na mesma publica\u00e7\u00e3o, a chef destacou que sabia estar participando de um programa marcado pelo deboche, mas se surpreendeu com a repercuss\u00e3o. <em>\u201cEu sabia que estava fazendo parte de um programa que tem o deboche como tempero\u201d<\/em>, afirmou. Ainda assim, criticou duramente os coment\u00e1rios sobre a filha: <em>\u201cN\u00e3o sabem que \u00e9 crime. \u00c9 lament\u00e1vel que uma \u00fanica frase minha sobre as m\u00fasicas que minha filha ouve tenha dado margem a especula\u00e7\u00f5es sobre sua sexualidade\u201d<\/em>.<\/p>\n\n\n\n<p class=\"wp-block-paragraph\"><strong>Veja o texto completo de Paola Carosella:<\/strong><\/p>\n\n\n\n<p class=\"wp-block-paragraph\"><em>H\u00e1 tempos sinto que o grande monstro que nos assombra como sociedade \u00e9 a luta que travamos entre a nossa vontade de ser e fazer livremente e os limites que devemos respeitar para vivermos em sociedade.<\/em><\/p>\n\n\n\n<p class=\"wp-block-paragraph\"><em>Lutamos pela liberdade de express\u00e3o, mas n\u00e3o conseguimos ainda, como sociedade, chegar a um consenso sobre quais s\u00e3o os limites dela.<\/em><\/p>\n\n\n\n<p class=\"wp-block-paragraph\"><em>O humor e a ironia, quando bem usados, s\u00e3o libertadores. Podem traduzir dores profundas em sentimentos mais perme\u00e1veis.<\/em><\/p>\n\n\n\n<p class=\"wp-block-paragraph\"><em>Sim, o humor \u00e9 um b\u00e1lsamo imprescind\u00edvel para a vida, mas quais s\u00e3o os limites do humor ?<br><\/em><br><em>H\u00e1 quem defenda que n\u00e3o tem, que humor \u00e9 fic\u00e7\u00e3o e que na fic\u00e7\u00e3o, tudo pode. E outra vez, n\u00e3o chegamos a consenso.<\/em><\/p>\n\n\n\n<p class=\"wp-block-paragraph\"><em>A Internet \u00e9 um labirinto de espelhos, onde tudo se deturpa, onde n\u00e3o parecem existir regras nem limites.<\/em><\/p>\n\n\n\n<p class=\"wp-block-paragraph\"><em>O que aqui acontece, \u00e9 verdade ou \u00e9 fic\u00e7\u00e3o ? Pode tudo ? Parece que ainda n\u00e3o sabemos.<\/em><\/p>\n\n\n\n<p class=\"wp-block-paragraph\"><em>No epis\u00f3dio de segunda feira no podcast no Dia TV, eu sabia que estava fazendo parte de um programa que tem o deboche como tempero, sabia que \u00edamos ser ir\u00f4nicas. Ali\u00e1s, a ironia \u00e9 uma ferramenta que eu conhe\u00e7o bem. Debochei de mim mesma e do universo dos memes e fofocas que me cercam.<\/em><\/p>\n\n\n\n<p class=\"wp-block-paragraph\"><em>O que eu nunca ia imaginar era que uma fala minha sobre os gostos musicais da minha filha ( crian\u00e7a ) teria os desdobramentos que teve. N\u00e3o por uma pessoa, mas por milhares de adultos, que nem por um segundo pensaram quais poderiam ser as consequ\u00eancias disso. Pior ainda, muitos nem sabem que isso \u00e9 crime.<\/em><\/p>\n\n\n\n<p class=\"wp-block-paragraph\"><em>A vida coletiva exige responsabilidade e coer\u00eancia. Exige respeitar a lei, cuidar dos mais vulner\u00e1veis, proteger os princ\u00edpios b\u00e1sicos de liberdade de todos.<br>L\u00e1 fora, e aqui dentro, as nossas escolhas definem o tipo de sociedade que podemos e queremos ser.<br>Limite n\u00e3o \u00e9 censura. Liberdade n\u00e3o \u00e9 libertinagem.<\/em><\/p>\n\n\n\n<p class=\"wp-block-paragraph\">No mais, sempre vou ter brilho nos olhos e sentir orgulho ao falar da minha filha.<br><em>Uma menina inteligente,sens\u00edvel e doce, e, caso n\u00e3o tenha ficado claro, com um excelente gosto musical.<br>Um bel\u00edssimo final de semana para voc\u00eas.<br>Com amor<br>P.<\/em><\/p>\n\n\n\n<blockquote class=\"instagram-media\" data-instgrm-captioned data-instgrm-permalink=\"https:\/\/www.instagram.com\/p\/DNtV1q4QlBC\/?utm_source=ig_embed&amp;utm_campaign=loading\" data-instgrm-version=\"14\" style=\" background:#FFF; border:0; border-radius:3px; box-shadow:0 0 1px 0 rgba(0,0,0,0.5),0 1px 10px 0 rgba(0,0,0,0.15); margin: 1px; max-width:540px; min-width:326px; padding:0; width:99.375%; width:-webkit-calc(100% - 2px); width:calc(100% - 2px);\"><div style=\"padding:16px;\"> <a href=\"https:\/\/www.instagram.com\/p\/DNtV1q4QlBC\/?utm_source=ig_embed&amp;utm_campaign=loading\" style=\" background:#FFFFFF; line-height:0; padding:0 0; text-align:center; text-decoration:none; width:100%;\" target=\"_blank\" rel=\"noopener\"> <div style=\" display: flex; flex-direction: row; align-items: center;\"> <div style=\"background-color: #F4F4F4; border-radius: 50%; flex-grow: 0; height: 40px; margin-right: 14px; width: 40px;\"><\/div> <div style=\"display: flex; flex-direction: column; flex-grow: 1; justify-content: center;\"> <div style=\" background-color: #F4F4F4; border-radius: 4px; flex-grow: 0; height: 14px; margin-bottom: 6px; width: 100px;\"><\/div> <div style=\" background-color: #F4F4F4; border-radius: 4px; flex-grow: 0; height: 14px; width: 60px;\"><\/div><\/div><\/div><div style=\"padding: 19% 0;\"><\/div> <div style=\"display:block; height:50px; margin:0 auto 12px; width:50px;\"><svg width=\"50px\" height=\"50px\" viewbox=\"0 0 60 60\" version=\"1.1\" xmlns=\"https:\/\/www.w3.org\/2000\/svg\" xmlns:xlink=\"https:\/\/www.w3.org\/1999\/xlink\"><g stroke=\"none\" stroke-width=\"1\" fill=\"none\" fill-rule=\"evenodd\"><g transform=\"translate(-511.000000, -20.000000)\" fill=\"#000000\"><g><path d=\"M556.869,30.41 C554.814,30.41 553.148,32.076 553.148,34.131 C553.148,36.186 554.814,37.852 556.869,37.852 C558.924,37.852 560.59,36.186 560.59,34.131 C560.59,32.076 558.924,30.41 556.869,30.41 M541,60.657 C535.114,60.657 530.342,55.887 530.342,50 C530.342,44.114 535.114,39.342 541,39.342 C546.887,39.342 551.658,44.114 551.658,50 C551.658,55.887 546.887,60.657 541,60.657 M541,33.886 C532.1,33.886 524.886,41.1 524.886,50 C524.886,58.899 532.1,66.113 541,66.113 C549.9,66.113 557.115,58.899 557.115,50 C557.115,41.1 549.9,33.886 541,33.886 M565.378,62.101 C565.244,65.022 564.756,66.606 564.346,67.663 C563.803,69.06 563.154,70.057 562.106,71.106 C561.058,72.155 560.06,72.803 558.662,73.347 C557.607,73.757 556.021,74.244 553.102,74.378 C549.944,74.521 548.997,74.552 541,74.552 C533.003,74.552 532.056,74.521 528.898,74.378 C525.979,74.244 524.393,73.757 523.338,73.347 C521.94,72.803 520.942,72.155 519.894,71.106 C518.846,70.057 518.197,69.06 517.654,67.663 C517.244,66.606 516.755,65.022 516.623,62.101 C516.479,58.943 516.448,57.996 516.448,50 C516.448,42.003 516.479,41.056 516.623,37.899 C516.755,34.978 517.244,33.391 517.654,32.338 C518.197,30.938 518.846,29.942 519.894,28.894 C520.942,27.846 521.94,27.196 523.338,26.654 C524.393,26.244 525.979,25.756 528.898,25.623 C532.057,25.479 533.004,25.448 541,25.448 C548.997,25.448 549.943,25.479 553.102,25.623 C556.021,25.756 557.607,26.244 558.662,26.654 C560.06,27.196 561.058,27.846 562.106,28.894 C563.154,29.942 563.803,30.938 564.346,32.338 C564.756,33.391 565.244,34.978 565.378,37.899 C565.522,41.056 565.552,42.003 565.552,50 C565.552,57.996 565.522,58.943 565.378,62.101 M570.82,37.631 C570.674,34.438 570.167,32.258 569.425,30.349 C568.659,28.377 567.633,26.702 565.965,25.035 C564.297,23.368 562.623,22.342 560.652,21.575 C558.743,20.834 556.562,20.326 553.369,20.18 C550.169,20.033 549.148,20 541,20 C532.853,20 531.831,20.033 528.631,20.18 C525.438,20.326 523.257,20.834 521.349,21.575 C519.376,22.342 517.703,23.368 516.035,25.035 C514.368,26.702 513.342,28.377 512.574,30.349 C511.834,32.258 511.326,34.438 511.181,37.631 C511.035,40.831 511,41.851 511,50 C511,58.147 511.035,59.17 511.181,62.369 C511.326,65.562 511.834,67.743 512.574,69.651 C513.342,71.625 514.368,73.296 516.035,74.965 C517.703,76.634 519.376,77.658 521.349,78.425 C523.257,79.167 525.438,79.673 528.631,79.82 C531.831,79.965 532.853,80.001 541,80.001 C549.148,80.001 550.169,79.965 553.369,79.82 C556.562,79.673 558.743,79.167 560.652,78.425 C562.623,77.658 564.297,76.634 565.965,74.965 C567.633,73.296 568.659,71.625 569.425,69.651 C570.167,67.743 570.674,65.562 570.82,62.369 C570.966,59.17 571,58.147 571,50 C571,41.851 570.966,40.831 570.82,37.631\"><\/path><\/g><\/g><\/g><\/svg><\/div><div style=\"padding-top: 8px;\"> <div style=\" color:#3897f0; font-family:Arial,sans-serif; font-size:14px; font-style:normal; font-weight:550; line-height:18px;\">Ver esta publica\u00e7\u00e3o no Instagram<\/div><\/div><div style=\"padding: 12.5% 0;\"><\/div> <div style=\"display: flex; flex-direction: row; margin-bottom: 14px; align-items: center;\"><div> <div style=\"background-color: #F4F4F4; border-radius: 50%; height: 12.5px; width: 12.5px; transform: translateX(0px) translateY(7px);\"><\/div> <div style=\"background-color: #F4F4F4; height: 12.5px; transform: rotate(-45deg) translateX(3px) translateY(1px); width: 12.5px; flex-grow: 0; margin-right: 14px; margin-left: 2px;\"><\/div> <div style=\"background-color: #F4F4F4; border-radius: 50%; height: 12.5px; width: 12.5px; transform: translateX(9px) translateY(-18px);\"><\/div><\/div><div style=\"margin-left: 8px;\"> <div style=\" background-color: #F4F4F4; border-radius: 50%; flex-grow: 0; height: 20px; width: 20px;\"><\/div> <div style=\" width: 0; height: 0; border-top: 2px solid transparent; border-left: 6px solid #f4f4f4; border-bottom: 2px solid transparent; transform: translateX(16px) translateY(-4px) rotate(30deg)\"><\/div><\/div><div style=\"margin-left: auto;\"> <div style=\" width: 0px; border-top: 8px solid #F4F4F4; border-right: 8px solid transparent; transform: translateY(16px);\"><\/div> <div style=\" background-color: #F4F4F4; flex-grow: 0; height: 12px; width: 16px; transform: translateY(-4px);\"><\/div> <div style=\" width: 0; height: 0; border-top: 8px solid #F4F4F4; border-left: 8px solid transparent; transform: translateY(-4px) translateX(8px);\"><\/div><\/div><\/div> <div style=\"display: flex; flex-direction: column; flex-grow: 1; justify-content: center; margin-bottom: 24px;\"> <div style=\" background-color: #F4F4F4; border-radius: 4px; flex-grow: 0; height: 14px; margin-bottom: 6px; width: 224px;\"><\/div> <div style=\" background-color: #F4F4F4; border-radius: 4px; flex-grow: 0; height: 14px; width: 144px;\"><\/div><\/div><\/a><p style=\" color:#c9c8cd; font-family:Arial,sans-serif; font-size:14px; line-height:17px; margin-bottom:0; margin-top:8px; overflow:hidden; padding:8px 0 7px; text-align:center; text-overflow:ellipsis; white-space:nowrap;\"><a href=\"https:\/\/www.instagram.com\/p\/DNtV1q4QlBC\/?utm_source=ig_embed&amp;utm_campaign=loading\" style=\" color:#c9c8cd; font-family:Arial,sans-serif; font-size:14px; font-style:normal; font-weight:normal; line-height:17px; text-decoration:none;\" target=\"_blank\" rel=\"noopener\">Uma publica\u00e7\u00e3o partilhada por Paola Carosella (@paolacarosella)<\/a><\/p><\/div><\/blockquote>\n<script async src=\"\/\/www.instagram.com\/embed.js\"><\/script>","protected":false},"excerpt":{"rendered":"<p>A chef Paola Carosella se pronunciou neste s\u00e1bado (23) ap\u00f3s a repercuss\u00e3o de sua participa\u00e7\u00e3o no programa De Frente com Blogueirinha, apresentado pela personagem criada por Bruno Matos. Nas redes sociais, trechos da entrevista viralizaram, especialmente uma fala em que Paola mencionou os gostos musicais de sua filha, de 13 anos. A situa\u00e7\u00e3o acabou gerando [&hellip;]<\/p>\n","protected":false},"author":1,"featured_media":245778,"comment_status":"closed","ping_status":"closed","sticky":false,"template":"","format":"standard","meta":{"footnotes":""},"categories":[173],"tags":[15531,2447],"class_list":["post-245775","post","type-post","status-publish","format-standard","has-post-thumbnail","hentry","category-celebridades","tag-blogueirinha","tag-paola-carosella"],"_links":{"self":[{"href":"https:\/\/portalpopmais.com.br\/en\/wp-json\/wp\/v2\/posts\/245775","targetHints":{"allow":["GET"]}}],"collection":[{"href":"https:\/\/portalpopmais.com.br\/en\/wp-json\/wp\/v2\/posts"}],"about":[{"href":"https:\/\/portalpopmais.com.br\/en\/wp-json\/wp\/v2\/types\/post"}],"author":[{"embeddable":true,"href":"https:\/\/portalpopmais.com.br\/en\/wp-json\/wp\/v2\/users\/1"}],"replies":[{"embeddable":true,"href":"https:\/\/portalpopmais.com.br\/en\/wp-json\/wp\/v2\/comments?post=245775"}],"version-history":[{"count":0,"href":"https:\/\/portalpopmais.com.br\/en\/wp-json\/wp\/v2\/posts\/245775\/revisions"}],"wp:featuredmedia":[{"embeddable":true,"href":"https:\/\/portalpopmais.com.br\/en\/wp-json\/wp\/v2\/media\/245778"}],"wp:attachment":[{"href":"https:\/\/portalpopmais.com.br\/en\/wp-json\/wp\/v2\/media?parent=245775"}],"wp:term":[{"taxonomy":"category","embeddable":true,"href":"https:\/\/portalpopmais.com.br\/en\/wp-json\/wp\/v2\/categories?post=245775"},{"taxonomy":"post_tag","embeddable":true,"href":"https:\/\/portalpopmais.com.br\/en\/wp-json\/wp\/v2\/tags?post=245775"}],"curies":[{"name":"wp","href":"https:\/\/api.w.org\/{rel}","templated":true}]}}