{"id":245826,"date":"2025-08-24T21:35:03","date_gmt":"2025-08-25T00:35:03","guid":{"rendered":"https:\/\/portalpopmais.com.br\/?p=245826"},"modified":"2025-08-24T21:35:06","modified_gmt":"2025-08-25T00:35:06","slug":"justica-da-california-nega-liberdade-condicional-aos-irmaos-menendez-apos-mais-de-30-anos-de-prisao","status":"publish","type":"post","link":"https:\/\/portalpopmais.com.br\/en\/justica-da-california-nega-liberdade-condicional-aos-irmaos-menendez-apos-mais-de-30-anos-de-prisao\/","title":{"rendered":"Justi\u00e7a da Calif\u00f3rnia nega liberdade condicional aos irm\u00e3os Menendez ap\u00f3s mais de 30 anos de pris\u00e3o"},"content":{"rendered":"<p>A Justi\u00e7a da Calif\u00f3rnia decidiu, nesta semana, negar a liberdade condicional de Erik e Lyle Menendez, condenados em 1996 pelo assassinato de seus pais, Jos\u00e9 e Kitty Menendez, em um caso que chocou os Estados Unidos no final dos anos 1980.<\/p>\n\n\n\n<p>As audi\u00eancias ocorreram nos dias 21 e 22 de agosto. Apesar de terem passado mais de tr\u00eas d\u00e9cadas na pris\u00e3o e de uma recente decis\u00e3o judicial ter tornado poss\u00edvel o pedido de liberdade condicional, os irm\u00e3os n\u00e3o conseguiram convencer o comit\u00ea de que estavam prontos para reintegra\u00e7\u00e3o \u00e0 sociedade.<\/p>\n\n\n\n<h3 class=\"wp-block-heading\">Motivos para a negativa<\/h3>\n\n\n\n<p>A decis\u00e3o levou em considera\u00e7\u00e3o o comportamento de ambos ao longo dos anos de encarceramento. No caso de Erik, foram apontadas diversas infra\u00e7\u00f5es disciplinares, como o uso n\u00e3o autorizado de celular, envolvimento com subst\u00e2ncias proibidas e participa\u00e7\u00e3o em atividades il\u00edcitas dentro do sistema prisional. J\u00e1 Lyle tamb\u00e9m teve conduta questionada, incluindo infra\u00e7\u00f5es semelhantes.<\/p>\n\n\n\n<p>O comit\u00ea concluiu que, mesmo com avan\u00e7os em programas de reabilita\u00e7\u00e3o e o apoio declarado de familiares e simpatizantes, os irm\u00e3os ainda representavam riscos \u00e0 seguran\u00e7a p\u00fablica. Por isso, recomendou que ambos aguardem pelo menos tr\u00eas anos antes de uma nova solicita\u00e7\u00e3o.<\/p>\n\n\n\n<h3 class=\"wp-block-heading\">Hist\u00f3rico do caso<\/h3>\n\n\n\n<p>O assassinato dos pais ocorreu em 1989, quando Erik e Lyle tinham 18 e 21 anos, respectivamente. Durante o julgamento, os irm\u00e3os alegaram ter sido v\u00edtimas de abusos dentro do lar, o que teria motivado o crime. Ainda assim, foram condenados \u00e0 pris\u00e3o perp\u00e9tua sem possibilidade de liberdade condicional.<\/p>\n\n\n\n<p>Em maio de 2025, uma decis\u00e3o judicial alterou as senten\u00e7as para 50 anos a pris\u00e3o perp\u00e9tua, com possibilidade de liberdade condicional. A mudan\u00e7a levou em conta a idade dos irm\u00e3os \u00e0 \u00e9poca do crime e novas diretrizes legais para casos envolvendo jovens adultos.<\/p>\n\n\n\n<h3 class=\"wp-block-heading\">Repercuss\u00e3o<\/h3>\n\n\n\n<p>A decis\u00e3o de manter os irm\u00e3os presos gerou forte repercuss\u00e3o nas redes sociais. Alguns famosos e apoiadores se manifestaram pedindo a liberta\u00e7\u00e3o de Erik e Lyle, argumentando que eles j\u00e1 cumpriram tempo suficiente e merecem uma segunda chance. Por outro lado, muitas pessoas criticaram esse posicionamento, defendendo que os crimes cometidos foram graves demais para permitir qualquer tipo de perd\u00e3o.<\/p>\n\n\n\n<h3 class=\"wp-block-heading\">Pr\u00f3ximos passos<\/h3>\n\n\n\n<p>Com a decis\u00e3o do comit\u00ea, os irm\u00e3os Menendez s\u00f3 poder\u00e3o solicitar uma nova audi\u00eancia em 2028. Embora exista a possibilidade de interven\u00e7\u00e3o por parte do governo estadual, nenhuma a\u00e7\u00e3o foi anunciada at\u00e9 o momento.<\/p>","protected":false},"excerpt":{"rendered":"<p>A Justi\u00e7a da Calif\u00f3rnia decidiu, nesta semana, negar a liberdade condicional de Erik e Lyle Menendez, condenados em 1996 pelo assassinato de seus pais, Jos\u00e9 e Kitty Menendez, em um caso que chocou os Estados Unidos no final dos anos 1980. As audi\u00eancias ocorreram nos dias 21 e 22 de agosto. Apesar de terem passado [&hellip;]<\/p>\n","protected":false},"author":2,"featured_media":230264,"comment_status":"closed","ping_status":"closed","sticky":false,"template":"","format":"standard","meta":{"footnotes":""},"categories":[2165],"tags":[18552],"class_list":["post-245826","post","type-post","status-publish","format-standard","has-post-thumbnail","hentry","category-noticias","tag-irmaos-menendez"],"_links":{"self":[{"href":"https:\/\/portalpopmais.com.br\/en\/wp-json\/wp\/v2\/posts\/245826","targetHints":{"allow":["GET"]}}],"collection":[{"href":"https:\/\/portalpopmais.com.br\/en\/wp-json\/wp\/v2\/posts"}],"about":[{"href":"https:\/\/portalpopmais.com.br\/en\/wp-json\/wp\/v2\/types\/post"}],"author":[{"embeddable":true,"href":"https:\/\/portalpopmais.com.br\/en\/wp-json\/wp\/v2\/users\/2"}],"replies":[{"embeddable":true,"href":"https:\/\/portalpopmais.com.br\/en\/wp-json\/wp\/v2\/comments?post=245826"}],"version-history":[{"count":0,"href":"https:\/\/portalpopmais.com.br\/en\/wp-json\/wp\/v2\/posts\/245826\/revisions"}],"wp:featuredmedia":[{"embeddable":true,"href":"https:\/\/portalpopmais.com.br\/en\/wp-json\/wp\/v2\/media\/230264"}],"wp:attachment":[{"href":"https:\/\/portalpopmais.com.br\/en\/wp-json\/wp\/v2\/media?parent=245826"}],"wp:term":[{"taxonomy":"category","embeddable":true,"href":"https:\/\/portalpopmais.com.br\/en\/wp-json\/wp\/v2\/categories?post=245826"},{"taxonomy":"post_tag","embeddable":true,"href":"https:\/\/portalpopmais.com.br\/en\/wp-json\/wp\/v2\/tags?post=245826"}],"curies":[{"name":"wp","href":"https:\/\/api.w.org\/{rel}","templated":true}]}}