{"id":246644,"date":"2025-08-27T21:04:39","date_gmt":"2025-08-28T00:04:39","guid":{"rendered":"https:\/\/portalpopmais.com.br\/?p=246644"},"modified":"2025-08-27T21:04:42","modified_gmt":"2025-08-28T00:04:42","slug":"presidente-da-argentina-e-alvo-de-pedradas-durante-ato-de-campanha-em-buenos-aires-veja-video","status":"publish","type":"post","link":"https:\/\/portalpopmais.com.br\/en\/presidente-da-argentina-e-alvo-de-pedradas-durante-ato-de-campanha-em-buenos-aires-veja-video\/","title":{"rendered":"Presidente da Argentina \u00e9 alvo de pedradas durante ato de campanha em Buenos Aires; veja v\u00eddeo"},"content":{"rendered":"<p>O presidente da Argentina, Javier Milei, foi alvo de um ataque com pedras na manh\u00e3 desta quarta-feira (27) durante um evento de campanha na periferia de Buenos Aires. Apesar do tumulto, Milei n\u00e3o se feriu, segundo confirmou o porta-voz da Presid\u00eancia, Manuel Adorni.<\/p>\n\n\n\n<p>\u201cAtacaram com pedras a caravana onde se encontrava o presidente da Na\u00e7\u00e3o. N\u00e3o h\u00e1 feridos\u201d, escreveu Adorni na rede social X (antigo Twitter).<\/p>\n\n\n\n<p>O incidente ocorreu em Lomas de Zamora, a cerca de 20 km da capital, onde Milei participava de uma caravana ao lado de candidatos de seu partido, o Liberdade Avan\u00e7a. O presidente estava em cima da ca\u00e7amba de uma caminhonete, acenando para apoiadores, quando manifestantes come\u00e7aram a lan\u00e7ar pedras e garrafas contra o ve\u00edculo presidencial.<\/p>\n\n\n\n<p>A situa\u00e7\u00e3o rapidamente saiu do controle e gerou um confronto entre simpatizantes e opositores. A confus\u00e3o resultou em empurr\u00f5es e agress\u00f5es f\u00edsicas. Em meio ao tumulto, o carro que transportava Milei, sua irm\u00e3 e secret\u00e1ria-geral, Karina Milei, e outros membros da equipe foi escoltado para fora da \u00e1rea.<\/p>\n\n\n\n<p>Uma mulher identificada como apoiadora do presidente ficou ferida ap\u00f3s ser atingida nas costelas e precisou ser levada de ambul\u00e2ncia. \u201cO que aconteceu \u00e9 que uma aposentada libert\u00e1ria, uma aposentada da Liberdade Avan\u00e7a, levou chutes nas costelas\u201d, relatou Ariel Ferrari \u00e0 ag\u00eancia AFP.<\/p>\n\n\n\n<p>Os manifestantes tamb\u00e9m exibiam cartazes com cr\u00edticas ao governo e gritavam palavras de ordem como &#8220;Fora Milei&#8221;.<\/p>\n\n\n\n<p>O ataque ocorre a dois meses das elei\u00e7\u00f5es legislativas no pa\u00eds e em meio a um esc\u00e2ndalo envolvendo a suposta m\u00e1 destina\u00e7\u00e3o de verbas p\u00fablicas voltadas para pessoas com defici\u00eancia.<\/p>\n\n\n\n<figure class=\"wp-block-embed is-type-rich is-provider-twitter wp-block-embed-twitter\"><div class=\"wp-block-embed__wrapper\">\n<blockquote class=\"twitter-tweet\" data-width=\"550\" data-dnt=\"true\"><p lang=\"pt\" dir=\"ltr\">Javier Milei, presidente da Argentina, foi APREDREJADO por popula\u00e7\u00e3o e precisou sair corrido de carreata. <a href=\"https:\/\/t.co\/rxypTYUBQ2\">pic.twitter.com\/rxypTYUBQ2<\/a><\/p>&mdash; POPTime (@siteptbr) <a href=\"https:\/\/twitter.com\/siteptbr\/status\/1960801803198406862?ref_src=twsrc%5Etfw\" target=\"_blank\" rel=\"noopener\">August 27, 2025<\/a><\/blockquote><script async src=\"https:\/\/platform.twitter.com\/widgets.js\" charset=\"utf-8\"><\/script>\n<\/div><\/figure>","protected":false},"excerpt":{"rendered":"<p>O presidente da Argentina, Javier Milei, foi alvo de um ataque com pedras na manh\u00e3 desta quarta-feira (27) durante um evento de campanha na periferia de Buenos Aires. Apesar do tumulto, Milei n\u00e3o se feriu, segundo confirmou o porta-voz da Presid\u00eancia, Manuel Adorni. \u201cAtacaram com pedras a caravana onde se encontrava o presidente da Na\u00e7\u00e3o. [&hellip;]<\/p>\n","protected":false},"author":2,"featured_media":246645,"comment_status":"closed","ping_status":"closed","sticky":false,"template":"","format":"standard","meta":{"footnotes":""},"categories":[2165],"tags":[477,17243],"class_list":["post-246644","post","type-post","status-publish","format-standard","has-post-thumbnail","hentry","category-noticias","tag-bolsonaro","tag-javier-milei"],"_links":{"self":[{"href":"https:\/\/portalpopmais.com.br\/en\/wp-json\/wp\/v2\/posts\/246644","targetHints":{"allow":["GET"]}}],"collection":[{"href":"https:\/\/portalpopmais.com.br\/en\/wp-json\/wp\/v2\/posts"}],"about":[{"href":"https:\/\/portalpopmais.com.br\/en\/wp-json\/wp\/v2\/types\/post"}],"author":[{"embeddable":true,"href":"https:\/\/portalpopmais.com.br\/en\/wp-json\/wp\/v2\/users\/2"}],"replies":[{"embeddable":true,"href":"https:\/\/portalpopmais.com.br\/en\/wp-json\/wp\/v2\/comments?post=246644"}],"version-history":[{"count":0,"href":"https:\/\/portalpopmais.com.br\/en\/wp-json\/wp\/v2\/posts\/246644\/revisions"}],"wp:featuredmedia":[{"embeddable":true,"href":"https:\/\/portalpopmais.com.br\/en\/wp-json\/wp\/v2\/media\/246645"}],"wp:attachment":[{"href":"https:\/\/portalpopmais.com.br\/en\/wp-json\/wp\/v2\/media?parent=246644"}],"wp:term":[{"taxonomy":"category","embeddable":true,"href":"https:\/\/portalpopmais.com.br\/en\/wp-json\/wp\/v2\/categories?post=246644"},{"taxonomy":"post_tag","embeddable":true,"href":"https:\/\/portalpopmais.com.br\/en\/wp-json\/wp\/v2\/tags?post=246644"}],"curies":[{"name":"wp","href":"https:\/\/api.w.org\/{rel}","templated":true}]}}