{"id":246946,"date":"2025-08-29T07:12:31","date_gmt":"2025-08-29T10:12:31","guid":{"rendered":"https:\/\/portalpopmais.com.br\/?p=246946"},"modified":"2025-08-29T07:13:47","modified_gmt":"2025-08-29T10:13:47","slug":"dado-dolabella-rebate-critica-briga-luan","status":"publish","type":"post","link":"https:\/\/portalpopmais.com.br\/en\/dado-dolabella-rebate-critica-briga-luan\/","title":{"rendered":"Dado Dolabella rebate cr\u00edticas ap\u00f3s briga com Luan Pereira e explica vers\u00e3o dos fatos"},"content":{"rendered":"<p class=\"wp-block-paragraph\">O ator <strong>Dado Dolabella<\/strong>, de 45 anos, voltou \u00e0s redes sociais para responder \u00e0s cr\u00edticas recebidas ap\u00f3s a pol\u00eamica envolvendo o cantor sertanejo <strong>Luan Pereira<\/strong>, de 22. A confus\u00e3o ocorreu no \u00faltimo dia 21 de agosto, durante uma confraterniza\u00e7\u00e3o do elenco da nova temporada do <em>Dan\u00e7a dos Famosos<\/em>, em um bar na Barra da Tijuca, Zona Oeste do Rio de Janeiro.<\/p>\n\n\n\n<p class=\"wp-block-paragraph\">Nesta semana, Dado publicou uma foto fazendo \u201cbananeira\u201d na Pedra do Tel\u00e9grafo, no Rio, mas os coment\u00e1rios de seguidores voltaram a girar em torno do epis\u00f3dio. Uma internauta sugeriu que o ator procurasse ajuda psicol\u00f3gica para lidar com seus impulsos.<\/p>\n\n\n\n<p class=\"wp-block-paragraph\">Em resposta, ele negou que tenha perdido o controle: \u201cMas eu n\u00e3o fiquei nervoso ali\u2026 Eu s\u00f3 afastei um cara que eu achei que ia beijar, at\u00e9 ent\u00e3o, minha namorada\u2026 Eu estava de boa! Fui proteger ela. Eu nem vi quem era, o \u2018mlk\u2019 tava de costas pra mim. Ele que estava b\u00eabado, trope\u00e7ou e caiu\u2026 a\u00ed a galera que viu no ch\u00e3o j\u00e1 sup\u00f4s coisas\u2026 e come\u00e7ou a fofoca\u2026 mas a real \u00e9 essa!!\u201d.<\/p>\n\n\n<div class=\"wp-block-image\">\n<figure class=\"aligncenter size-full\"><img loading=\"lazy\" decoding=\"async\" width=\"394\" height=\"545\" src=\"https:\/\/portalpopmais.com.br\/wp-content\/uploads\/2025\/08\/image-181.png\" alt=\"\" class=\"wp-image-246947\" title=\"\" srcset=\"https:\/\/portalpopmais.com.br\/wp-content\/uploads\/2025\/08\/image-181.png 394w, https:\/\/portalpopmais.com.br\/wp-content\/uploads\/2025\/08\/image-181-9x12.png 9w\" sizes=\"auto, (max-width: 394px) 100vw, 394px\" \/><figcaption class=\"wp-element-caption\">Foto: Reprodu\u00e7\u00e3o\/Instagram<\/figcaption><\/figure>\n<\/div>\n\n\n<h3 class=\"wp-block-heading\">Entenda <\/h3>\n\n\n\n<p class=\"wp-block-paragraph\">De acordo com relatos, Dado teria empurrado Luan ap\u00f3s v\u00ea-lo dan\u00e7ando com <strong>Wanessa Camargo<\/strong>, com quem tentava reatar o relacionamento. Inicialmente, circulou a informa\u00e7\u00e3o de que a cantora tamb\u00e9m teria sido empurrada, mas ela desmentiu e classificou a situa\u00e7\u00e3o como um \u201cmomento infeliz\u201d, atribuindo tudo ao ci\u00fame do ator.<\/p>\n\n\n\n<p class=\"wp-block-paragraph\">Luan, por sua vez, confirmou ter recebido um empurr\u00e3o, que o fez trope\u00e7ar e cair, mas sem ferimentos. O sertanejo chegou a chamar Dado de \u201cagressor de mulheres\u201d nas redes sociais, relembrando pol\u00eamicas passadas.<\/p>\n\n\n\n<p class=\"wp-block-paragraph\">J\u00e1 Dado refor\u00e7a que n\u00e3o houve agress\u00e3o, apenas um mal-entendido: ele acreditou que Luan tentaria beijar Wanessa e, ao afast\u00e1-lo, acabou provocando a queda do cantor.<\/p>\n\n\n\n<p class=\"wp-block-paragraph\">A pol\u00eamica segue repercutindo nas redes sociais e dividindo opini\u00f5es entre f\u00e3s e internautas.<\/p>","protected":false},"excerpt":{"rendered":"<p>O ator Dado Dolabella, de 45 anos, voltou \u00e0s redes sociais para responder \u00e0s cr\u00edticas recebidas ap\u00f3s a pol\u00eamica envolvendo o cantor sertanejo Luan Pereira, de 22. A confus\u00e3o ocorreu no \u00faltimo dia 21 de agosto, durante uma confraterniza\u00e7\u00e3o do elenco da nova temporada do Dan\u00e7a dos Famosos, em um bar na Barra da Tijuca, [&hellip;]<\/p>\n","protected":false},"author":1,"featured_media":246846,"comment_status":"closed","ping_status":"closed","sticky":false,"template":"","format":"standard","meta":{"footnotes":""},"categories":[173],"tags":[8908],"class_list":["post-246946","post","type-post","status-publish","format-standard","has-post-thumbnail","hentry","category-celebridades","tag-dado-dolabella"],"_links":{"self":[{"href":"https:\/\/portalpopmais.com.br\/en\/wp-json\/wp\/v2\/posts\/246946","targetHints":{"allow":["GET"]}}],"collection":[{"href":"https:\/\/portalpopmais.com.br\/en\/wp-json\/wp\/v2\/posts"}],"about":[{"href":"https:\/\/portalpopmais.com.br\/en\/wp-json\/wp\/v2\/types\/post"}],"author":[{"embeddable":true,"href":"https:\/\/portalpopmais.com.br\/en\/wp-json\/wp\/v2\/users\/1"}],"replies":[{"embeddable":true,"href":"https:\/\/portalpopmais.com.br\/en\/wp-json\/wp\/v2\/comments?post=246946"}],"version-history":[{"count":0,"href":"https:\/\/portalpopmais.com.br\/en\/wp-json\/wp\/v2\/posts\/246946\/revisions"}],"wp:featuredmedia":[{"embeddable":true,"href":"https:\/\/portalpopmais.com.br\/en\/wp-json\/wp\/v2\/media\/246846"}],"wp:attachment":[{"href":"https:\/\/portalpopmais.com.br\/en\/wp-json\/wp\/v2\/media?parent=246946"}],"wp:term":[{"taxonomy":"category","embeddable":true,"href":"https:\/\/portalpopmais.com.br\/en\/wp-json\/wp\/v2\/categories?post=246946"},{"taxonomy":"post_tag","embeddable":true,"href":"https:\/\/portalpopmais.com.br\/en\/wp-json\/wp\/v2\/tags?post=246946"}],"curies":[{"name":"wp","href":"https:\/\/api.w.org\/{rel}","templated":true}]}}