{"id":247296,"date":"2025-08-30T07:37:41","date_gmt":"2025-08-30T10:37:41","guid":{"rendered":"https:\/\/portalpopmais.com.br\/?p=247296"},"modified":"2025-08-30T08:11:31","modified_gmt":"2025-08-30T11:11:31","slug":"problemas-de-saude-que-marcaram-os-ultimos-anos-de-luis-fernando-verissimo","status":"publish","type":"post","link":"https:\/\/portalpopmais.com.br\/en\/problemas-de-saude-que-marcaram-os-ultimos-anos-de-luis-fernando-verissimo\/","title":{"rendered":"Problemas de sa\u00fade que marcaram os \u00faltimos anos de Luis Fernando Verissimo"},"content":{"rendered":"<p>O escritor Luis Fernando Verissimo, que morreu neste s\u00e1bado (30), aos 88 anos, enfrentou uma s\u00e9rie de problemas de sa\u00fade nos \u00faltimos anos. Em novembro de 2020, passou por uma cirurgia na mand\u00edbula e, em janeiro de 2021, sofreu um Acidente Vascular Cerebral (AVC) que comprometeu parte cognitiva de seu c\u00e9rebro. Apesar de compreender o que acontecia ao redor, passou a ter dificuldades na ordena\u00e7\u00e3o de pensamentos e na comunica\u00e7\u00e3o.<\/p>\n\n\n\n<p>A recupera\u00e7\u00e3o foi lenta e marcada por epis\u00f3dios inusitados. Entre eles, destacou-se a facilidade inesperada para se expressar em ingl\u00eas \u2014 idioma que dominava desde a inf\u00e2ncia, vivida em parte nos Estados Unidos.<\/p>\n\n\n\n<p>Ainda no final de 2020, Verissimo refletiu sobre a leitura em meio \u00e0 pandemia. Questionado sobre o melhor livro que havia lido naquele ano, respondeu:<br>\u2014 <em>O melhor livro que li em 2020 foi o de ensaios e estudos sobre Antonio Candido, lan\u00e7ado pela Editora 34, prova de que existe vida inteligente na Terra.<\/em><\/p>\n\n\n\n<p>Verissimo, al\u00e9m de sua vasta produ\u00e7\u00e3o liter\u00e1ria que marcou a literatura e o jornalismo brasileiros, viveu seus \u00faltimos anos entre desafios de sa\u00fade e uma rotina de recupera\u00e7\u00e3o, que refor\u00e7aram ainda mais a admira\u00e7\u00e3o de leitores e admiradores pela sua for\u00e7a e legado.<\/p>","protected":false},"excerpt":{"rendered":"<p>O escritor Luis Fernando Verissimo, que morreu neste s\u00e1bado (30), aos 88 anos, enfrentou uma s\u00e9rie de problemas de sa\u00fade nos \u00faltimos anos. Em novembro de 2020, passou por uma cirurgia na mand\u00edbula e, em janeiro de 2021, sofreu um Acidente Vascular Cerebral (AVC) que comprometeu parte cognitiva de seu c\u00e9rebro. Apesar de compreender o [&hellip;]<\/p>\n","protected":false},"author":1,"featured_media":247297,"comment_status":"closed","ping_status":"closed","sticky":false,"template":"","format":"standard","meta":{"footnotes":""},"categories":[173],"tags":[18641],"class_list":["post-247296","post","type-post","status-publish","format-standard","has-post-thumbnail","hentry","category-celebridades","tag-luis-fernando-verissimo-2"],"_links":{"self":[{"href":"https:\/\/portalpopmais.com.br\/en\/wp-json\/wp\/v2\/posts\/247296","targetHints":{"allow":["GET"]}}],"collection":[{"href":"https:\/\/portalpopmais.com.br\/en\/wp-json\/wp\/v2\/posts"}],"about":[{"href":"https:\/\/portalpopmais.com.br\/en\/wp-json\/wp\/v2\/types\/post"}],"author":[{"embeddable":true,"href":"https:\/\/portalpopmais.com.br\/en\/wp-json\/wp\/v2\/users\/1"}],"replies":[{"embeddable":true,"href":"https:\/\/portalpopmais.com.br\/en\/wp-json\/wp\/v2\/comments?post=247296"}],"version-history":[{"count":0,"href":"https:\/\/portalpopmais.com.br\/en\/wp-json\/wp\/v2\/posts\/247296\/revisions"}],"wp:featuredmedia":[{"embeddable":true,"href":"https:\/\/portalpopmais.com.br\/en\/wp-json\/wp\/v2\/media\/247297"}],"wp:attachment":[{"href":"https:\/\/portalpopmais.com.br\/en\/wp-json\/wp\/v2\/media?parent=247296"}],"wp:term":[{"taxonomy":"category","embeddable":true,"href":"https:\/\/portalpopmais.com.br\/en\/wp-json\/wp\/v2\/categories?post=247296"},{"taxonomy":"post_tag","embeddable":true,"href":"https:\/\/portalpopmais.com.br\/en\/wp-json\/wp\/v2\/tags?post=247296"}],"curies":[{"name":"wp","href":"https:\/\/api.w.org\/{rel}","templated":true}]}}