{"id":247741,"date":"2025-09-01T16:06:23","date_gmt":"2025-09-01T19:06:23","guid":{"rendered":"https:\/\/portalpopmais.com.br\/?p=247741"},"modified":"2025-09-01T16:10:31","modified_gmt":"2025-09-01T19:10:31","slug":"selena-gomezviagem-com-benny-blanco","status":"publish","type":"post","link":"https:\/\/portalpopmais.com.br\/en\/selena-gomezviagem-com-benny-blanco\/","title":{"rendered":"Selena Gomez compartilha fotos de viagem com Benny Blanco em meio aos preparativos para o casamento"},"content":{"rendered":"<p class=\"wp-block-paragraph\"><strong><a href=\"https:\/\/portalpopmais.com.br\/en\/trends\/selena-gomez\/\" data-type=\"post_tag\" data-id=\"124\">Selena Gomez<\/a><\/strong>, de 33 anos, publicou nesta segunda-feira (1\u00ba) um \u00e1lbum de fotos de sua viagem com o noivo, o produtor <strong><a href=\"https:\/\/www.instagram.com\/portalpopmais\/\" target=\"_blank\" rel=\"noopener\">Benny Blanco<\/a><\/strong>, 37, e amigos. Nos registros, a cantora aparece em clima de lazer em um lago, aproveitando passeios de barco e a companhia do grupo. Na legenda, escreveu: <em>\u201cLake life\u201d<\/em> (\u201cVida no lago\u201d).<\/p>\n\n\n\n<p class=\"wp-block-paragraph\">Veja as fotos: <\/p>\n\n\n\n<figure class=\"wp-block-gallery has-nested-images columns-default is-cropped wp-block-gallery-1 is-layout-flex wp-block-gallery-is-layout-flex\">\n<figure class=\"wp-block-image size-full\"><img loading=\"lazy\" decoding=\"async\" width=\"1000\" height=\"750\" data-id=\"247743\" src=\"https:\/\/portalpopmais.com.br\/wp-content\/uploads\/2025\/09\/selenagomez-1756748378-3712196909911238995-460563723.avif\" alt=\"\" class=\"wp-image-247743\" title=\"\" srcset=\"https:\/\/portalpopmais.com.br\/wp-content\/uploads\/2025\/09\/selenagomez-1756748378-3712196909911238995-460563723.avif 1000w, https:\/\/portalpopmais.com.br\/wp-content\/uploads\/2025\/09\/selenagomez-1756748378-3712196909911238995-460563723-768x576.avif 768w, https:\/\/portalpopmais.com.br\/wp-content\/uploads\/2025\/09\/selenagomez-1756748378-3712196909911238995-460563723-16x12.avif 16w\" sizes=\"auto, (max-width: 1000px) 100vw, 1000px\" \/><figcaption class=\"wp-element-caption\">Foto: Reprodu\u00e7\u00e3o\/instagram<\/figcaption><\/figure>\n\n\n\n<figure class=\"wp-block-image size-full\"><img loading=\"lazy\" decoding=\"async\" width=\"1000\" height=\"750\" data-id=\"247744\" src=\"https:\/\/portalpopmais.com.br\/wp-content\/uploads\/2025\/09\/selenagomez-1756748378-3712196910104134180-460563723.avif\" alt=\"\" class=\"wp-image-247744\" title=\"\" srcset=\"https:\/\/portalpopmais.com.br\/wp-content\/uploads\/2025\/09\/selenagomez-1756748378-3712196910104134180-460563723.avif 1000w, https:\/\/portalpopmais.com.br\/wp-content\/uploads\/2025\/09\/selenagomez-1756748378-3712196910104134180-460563723-768x576.avif 768w, https:\/\/portalpopmais.com.br\/wp-content\/uploads\/2025\/09\/selenagomez-1756748378-3712196910104134180-460563723-16x12.avif 16w\" sizes=\"auto, (max-width: 1000px) 100vw, 1000px\" \/><figcaption class=\"wp-element-caption\">Foto: Reprodu\u00e7\u00e3o\/instagram<\/figcaption><\/figure>\n\n\n\n<figure class=\"wp-block-image size-full is-style-default\"><img loading=\"lazy\" decoding=\"async\" width=\"1000\" height=\"750\" data-id=\"247742\" src=\"https:\/\/portalpopmais.com.br\/wp-content\/uploads\/2025\/09\/selenagomez-1756748378-3712196909911241766-460563723.avif\" alt=\"\" class=\"wp-image-247742\" title=\"\" srcset=\"https:\/\/portalpopmais.com.br\/wp-content\/uploads\/2025\/09\/selenagomez-1756748378-3712196909911241766-460563723.avif 1000w, https:\/\/portalpopmais.com.br\/wp-content\/uploads\/2025\/09\/selenagomez-1756748378-3712196909911241766-460563723-768x576.avif 768w, https:\/\/portalpopmais.com.br\/wp-content\/uploads\/2025\/09\/selenagomez-1756748378-3712196909911241766-460563723-16x12.avif 16w\" sizes=\"auto, (max-width: 1000px) 100vw, 1000px\" \/><figcaption class=\"wp-element-caption\">Foto: Reprodu\u00e7\u00e3o\/instagram<\/figcaption><\/figure>\n<\/figure>\n\n\n\n<p class=\"wp-block-paragraph\">O casal est\u00e1 nos preparativos para o casamento e revelou recentemente que pode abrir m\u00e3o da tradicional dan\u00e7a de noivos na recep\u00e7\u00e3o. Em entrevista ao podcast <em>Table Manners with Jessie and Lennie Ware<\/em>, Selena admitiu: <em>\u201cMe sinto envergonhada\u201d<\/em>. Blanco completou: <em>\u201cEla \u00e9 t\u00edmida\u201d<\/em>.<\/p>\n\n\n\n<p class=\"wp-block-paragraph\">Selena e Blanco come\u00e7aram a se relacionar em junho de 2023 e assumiram publicamente o romance em dezembro do mesmo ano. Um ano depois, anunciaram o noivado, surpreendendo os f\u00e3s.<\/p>\n\n\n\n<p class=\"wp-block-paragraph\">Enquanto planejam a cerim\u00f4nia, a artista mant\u00e9m contato direto com o p\u00fablico, compartilhando momentos pessoais nas redes sociais e exibindo a fase rom\u00e2ntica ao lado do produtor musical.<\/p>","protected":false},"excerpt":{"rendered":"<p>Selena Gomez, de 33 anos, publicou nesta segunda-feira (1\u00ba) um \u00e1lbum de fotos de sua viagem com o noivo, o produtor Benny Blanco, 37, e amigos. Nos registros, a cantora aparece em clima de lazer em um lago, aproveitando passeios de barco e a companhia do grupo. Na legenda, escreveu: \u201cLake life\u201d (\u201cVida no lago\u201d). [&hellip;]<\/p>\n","protected":false},"author":3,"featured_media":247744,"comment_status":"closed","ping_status":"closed","sticky":false,"template":"","format":"standard","meta":{"footnotes":""},"categories":[173],"tags":[],"class_list":["post-247741","post","type-post","status-publish","format-standard","has-post-thumbnail","hentry","category-celebridades"],"_links":{"self":[{"href":"https:\/\/portalpopmais.com.br\/en\/wp-json\/wp\/v2\/posts\/247741","targetHints":{"allow":["GET"]}}],"collection":[{"href":"https:\/\/portalpopmais.com.br\/en\/wp-json\/wp\/v2\/posts"}],"about":[{"href":"https:\/\/portalpopmais.com.br\/en\/wp-json\/wp\/v2\/types\/post"}],"author":[{"embeddable":true,"href":"https:\/\/portalpopmais.com.br\/en\/wp-json\/wp\/v2\/users\/3"}],"replies":[{"embeddable":true,"href":"https:\/\/portalpopmais.com.br\/en\/wp-json\/wp\/v2\/comments?post=247741"}],"version-history":[{"count":0,"href":"https:\/\/portalpopmais.com.br\/en\/wp-json\/wp\/v2\/posts\/247741\/revisions"}],"wp:featuredmedia":[{"embeddable":true,"href":"https:\/\/portalpopmais.com.br\/en\/wp-json\/wp\/v2\/media\/247744"}],"wp:attachment":[{"href":"https:\/\/portalpopmais.com.br\/en\/wp-json\/wp\/v2\/media?parent=247741"}],"wp:term":[{"taxonomy":"category","embeddable":true,"href":"https:\/\/portalpopmais.com.br\/en\/wp-json\/wp\/v2\/categories?post=247741"},{"taxonomy":"post_tag","embeddable":true,"href":"https:\/\/portalpopmais.com.br\/en\/wp-json\/wp\/v2\/tags?post=247741"}],"curies":[{"name":"wp","href":"https:\/\/api.w.org\/{rel}","templated":true}]}}