{"id":249246,"date":"2025-09-05T16:38:09","date_gmt":"2025-09-05T19:38:09","guid":{"rendered":"https:\/\/portalpopmais.com.br\/?p=249246"},"modified":"2025-09-05T16:55:45","modified_gmt":"2025-09-05T19:55:45","slug":"raphinha-selecao-racismo-disney","status":"publish","type":"post","link":"https:\/\/portalpopmais.com.br\/en\/raphinha-selecao-racismo-disney\/","title":{"rendered":"V\u00eddeo: Raphinha, jogador da sele\u00e7\u00e3o, denuncia epis\u00f3dio de racismo contra o filho na Disneyland Paris"},"content":{"rendered":"<p>O atacante da Sele\u00e7\u00e3o Brasileira e do Barcelona, <strong><a href=\"https:\/\/portalpopmais.com.br\/en\/trends\/raphinha\/\" data-type=\"post_tag\" data-id=\"18754\">Raphinha<\/a><\/strong>, usou as redes sociais nesta sexta-feira (5\/09) para relatar um epis\u00f3dio de discrimina\u00e7\u00e3o envolvendo seu filho pequeno durante visita \u00e0 Disneyland Paris.<\/p>\n\n\n\n<p>Segundo o jogador, a crian\u00e7a foi ignorada por um dos personagens do parque ao tentar receber um abra\u00e7o, enquanto outras crian\u00e7as \u2014 todas brancas, de acordo com ele \u2014 foram atendidas normalmente.<\/p>\n\n\n\n<p>Visivelmente indignado, Raphinha criticou duramente a postura da equipe do parque:<\/p>\n\n\n<div class=\"wp-block-image\">\n<figure class=\"aligncenter size-full\"><img loading=\"lazy\" decoding=\"async\" width=\"1200\" height=\"900\" src=\"https:\/\/portalpopmais.com.br\/wp-content\/uploads\/2025\/09\/image-68.png\" alt=\"\" class=\"wp-image-249247\" title=\"\" srcset=\"https:\/\/portalpopmais.com.br\/wp-content\/uploads\/2025\/09\/image-68.png 1200w, https:\/\/portalpopmais.com.br\/wp-content\/uploads\/2025\/09\/image-68-768x576.png 768w, https:\/\/portalpopmais.com.br\/wp-content\/uploads\/2025\/09\/image-68-16x12.png 16w\" sizes=\"auto, (max-width: 1200px) 100vw, 1200px\" \/><figcaption class=\"wp-element-caption\">Foto: Reprodu\u00e7\u00e3o\/ Instagram<\/figcaption><\/figure>\n<\/div>\n\n\n<p><em>&#8220;Seus funcion\u00e1rios s\u00e3o uma desgra\u00e7a. Voc\u00eas n\u00e3o deveriam tratar as pessoas dessa forma, ainda mais se tratando de uma crian\u00e7a. Voc\u00eas devem fazer as crian\u00e7as felizes, n\u00e3o esnob\u00e1-las. Prefiro dizer que foi uma atitude esnobe do que qualquer outra coisa. Voc\u00eas s\u00e3o uma desgra\u00e7a. Eu entendo a fadiga de quem trabalha com isso, mas por que todas as outras crian\u00e7as brancas foram abra\u00e7adas e meu filho n\u00e3o?&#8221;<\/em><\/p>\n\n\n\n<p>At\u00e9 o momento, a Disneyland Paris n\u00e3o se pronunciou oficialmente sobre o caso.<\/p>\n\n\n\n<blockquote class=\"tiktok-embed\" cite=\"https:\/\/www.tiktok.com\/@sitepopmais\/video\/7546695867080756485\" data-video-id=\"7546695867080756485\" style=\"max-width: 605px;min-width: 325px;\" > <section> <a target=\"_blank\" title=\"@sitepopmais\" href=\"https:\/\/www.tiktok.com\/@sitepopmais?refer=embed\" rel=\"noopener\">@sitepopmais<\/a> <p>O atacante da Sele\u00e7\u00e3o Brasileira e do Barcelona, Raphinha, usou as redes sociais nesta sexta-feira (5&#47;09) para relatar um epis\u00f3dio de discrimina\u00e7\u00e3o envolvendo seu filho pequeno durante visita \u00e0 Disneyland Paris. Segundo o jogador, a crian\u00e7a foi ignorada por um dos personagens do parque ao tentar receber um abra\u00e7o, enquanto outras crian\u00e7as \u2014 todas brancas, de acordo com ele \u2014 foram atendidas normalmente. #raphinha #sele\u00e7\u00e3obrasileira #futebol #disney #fofoca<\/p> <a target=\"_blank\" title=\"\u266c som original  - Portal POP Mais\" href=\"https:\/\/www.tiktok.com\/music\/som-original-Portal-POP-Mais-7546695890175249158?refer=embed\" rel=\"noopener\">\u266c som original  &#8211; Portal POP Mais<\/a> <\/section> <\/blockquote> <script async src=\"https:\/\/www.tiktok.com\/embed.js\"><\/script>","protected":false},"excerpt":{"rendered":"<p>O atacante da Sele\u00e7\u00e3o Brasileira e do Barcelona, Raphinha, usou as redes sociais nesta sexta-feira (5\/09) para relatar um epis\u00f3dio de discrimina\u00e7\u00e3o envolvendo seu filho pequeno durante visita \u00e0 Disneyland Paris. Segundo o jogador, a crian\u00e7a foi ignorada por um dos personagens do parque ao tentar receber um abra\u00e7o, enquanto outras crian\u00e7as \u2014 todas brancas, [&hellip;]<\/p>\n","protected":false},"author":1,"featured_media":249248,"comment_status":"closed","ping_status":"closed","sticky":false,"template":"","format":"standard","meta":{"footnotes":""},"categories":[173,18685],"tags":[18550,18754],"class_list":["post-249246","post","type-post","status-publish","format-standard","has-post-thumbnail","hentry","category-celebridades","category-esporte","tag-destaque","tag-raphinha"],"_links":{"self":[{"href":"https:\/\/portalpopmais.com.br\/en\/wp-json\/wp\/v2\/posts\/249246","targetHints":{"allow":["GET"]}}],"collection":[{"href":"https:\/\/portalpopmais.com.br\/en\/wp-json\/wp\/v2\/posts"}],"about":[{"href":"https:\/\/portalpopmais.com.br\/en\/wp-json\/wp\/v2\/types\/post"}],"author":[{"embeddable":true,"href":"https:\/\/portalpopmais.com.br\/en\/wp-json\/wp\/v2\/users\/1"}],"replies":[{"embeddable":true,"href":"https:\/\/portalpopmais.com.br\/en\/wp-json\/wp\/v2\/comments?post=249246"}],"version-history":[{"count":0,"href":"https:\/\/portalpopmais.com.br\/en\/wp-json\/wp\/v2\/posts\/249246\/revisions"}],"wp:featuredmedia":[{"embeddable":true,"href":"https:\/\/portalpopmais.com.br\/en\/wp-json\/wp\/v2\/media\/249248"}],"wp:attachment":[{"href":"https:\/\/portalpopmais.com.br\/en\/wp-json\/wp\/v2\/media?parent=249246"}],"wp:term":[{"taxonomy":"category","embeddable":true,"href":"https:\/\/portalpopmais.com.br\/en\/wp-json\/wp\/v2\/categories?post=249246"},{"taxonomy":"post_tag","embeddable":true,"href":"https:\/\/portalpopmais.com.br\/en\/wp-json\/wp\/v2\/tags?post=249246"}],"curies":[{"name":"wp","href":"https:\/\/api.w.org\/{rel}","templated":true}]}}