{"id":249904,"date":"2025-09-08T09:00:22","date_gmt":"2025-09-08T12:00:22","guid":{"rendered":"https:\/\/portalpopmais.com.br\/?p=249904"},"modified":"2025-09-08T09:00:25","modified_gmt":"2025-09-08T12:00:25","slug":"eliezer-viih-tube-viagem-saudade-pequenos","status":"publish","type":"post","link":"https:\/\/portalpopmais.com.br\/en\/eliezer-viih-tube-viagem-saudade-pequenos\/","title":{"rendered":"Eliezer fala sobre viagem com Viih Tube: &#8220;Saudade dos pequenos, mas n\u00e3o quero ir embora&#8221;"},"content":{"rendered":"<p class=\"wp-block-paragraph\"><strong>Eliezer<\/strong>, de 35 anos, e Viih Tube, de 25, est\u00e3o aproveitando dias de descanso nas Ilhas Maur\u00edcio, longe da rotina com os filhos Lua, de 2 anos e meio, e Ravi, de apenas nove meses. No \u00faltimo domingo (7), o casal conversou com as crian\u00e7as por chamada de v\u00eddeo e <a href=\"http:\/\/facebook.com\/portalpopmaisoficial\" target=\"_blank\" rel=\"noopener\">compartilhou<\/a> um pouco da experi\u00eancia nas redes sociais.<\/p>\n\n\n\n<p class=\"wp-block-paragraph\">Apesar da saudade, o influenciador revelou que pretende seguir aproveitando a viagem. \u201cSaudade dos pequenos est\u00e1 grande j\u00e1, mas n\u00e3o quero ir embora, n\u00e3o\u201d, escreveu em seu Instagram. Ele tamb\u00e9m contou como tem sido a rotina a dois: \u201cA gente n\u00e3o dormiu nada! Ontem inventamos de tomar vinho depois do jantar e fomos parar \u00e0s 3h da manh\u00e3, para \u00e0s 6h j\u00e1 estar de p\u00e9. S\u00f3 porque nossos filhos est\u00e3o do outro lado, a gente est\u00e1 achando que \u00e9 adolescente virado de balada\u201d, brincou.<\/p>\n\n\n\n<p class=\"wp-block-paragraph\">Enquanto os pais curtiram o descanso, Ravi deu os primeiros passos \u2014 um momento marcante que Viih Tube lamentou n\u00e3o ter presenciado. A viagem de dez dias come\u00e7ou em um hotel localizado em meio \u00e0 savana sul-africana, onde o casal precisou assinar um termo de responsabilidade devido ao contato com animais. Por isso, os filhos n\u00e3o puderam acompanh\u00e1-los e ficaram no Brasil sob os cuidados das av\u00f3s e bab\u00e1s.<\/p>\n\n\n\n<figure class=\"wp-block-embed is-type-rich is-provider-twitter wp-block-embed-twitter\"><div class=\"wp-block-embed__wrapper\">\n<blockquote class=\"twitter-tweet\" data-width=\"550\" data-dnt=\"true\"><p lang=\"pt\" dir=\"ltr\">Eliezer sobre viagem com Viih Tube: &#39;Saudade dos pequenos, mas n\u00e3o quero ir embora&#39; <a href=\"https:\/\/t.co\/bqqaz9aUwr\">pic.twitter.com\/bqqaz9aUwr<\/a><\/p>&mdash; Portal POP Mais (@sitepopmais) <a href=\"https:\/\/twitter.com\/sitepopmais\/status\/1965021181633003932?ref_src=twsrc%5Etfw\" target=\"_blank\" rel=\"noopener\">September 8, 2025<\/a><\/blockquote><script async src=\"https:\/\/platform.twitter.com\/widgets.js\" charset=\"utf-8\"><\/script>\n<\/div><\/figure>","protected":false},"excerpt":{"rendered":"<p>Casal curte f\u00e9rias nas Ilhas Maur\u00edcio enquanto filhos ficam no Brasil com familiares.<\/p>","protected":false},"author":1,"featured_media":249908,"comment_status":"closed","ping_status":"closed","sticky":false,"template":"","format":"standard","meta":{"footnotes":""},"categories":[173],"tags":[10385,3973],"class_list":["post-249904","post","type-post","status-publish","format-standard","has-post-thumbnail","hentry","category-celebridades","tag-eliezer","tag-viih-tube"],"_links":{"self":[{"href":"https:\/\/portalpopmais.com.br\/en\/wp-json\/wp\/v2\/posts\/249904","targetHints":{"allow":["GET"]}}],"collection":[{"href":"https:\/\/portalpopmais.com.br\/en\/wp-json\/wp\/v2\/posts"}],"about":[{"href":"https:\/\/portalpopmais.com.br\/en\/wp-json\/wp\/v2\/types\/post"}],"author":[{"embeddable":true,"href":"https:\/\/portalpopmais.com.br\/en\/wp-json\/wp\/v2\/users\/1"}],"replies":[{"embeddable":true,"href":"https:\/\/portalpopmais.com.br\/en\/wp-json\/wp\/v2\/comments?post=249904"}],"version-history":[{"count":0,"href":"https:\/\/portalpopmais.com.br\/en\/wp-json\/wp\/v2\/posts\/249904\/revisions"}],"wp:featuredmedia":[{"embeddable":true,"href":"https:\/\/portalpopmais.com.br\/en\/wp-json\/wp\/v2\/media\/249908"}],"wp:attachment":[{"href":"https:\/\/portalpopmais.com.br\/en\/wp-json\/wp\/v2\/media?parent=249904"}],"wp:term":[{"taxonomy":"category","embeddable":true,"href":"https:\/\/portalpopmais.com.br\/en\/wp-json\/wp\/v2\/categories?post=249904"},{"taxonomy":"post_tag","embeddable":true,"href":"https:\/\/portalpopmais.com.br\/en\/wp-json\/wp\/v2\/tags?post=249904"}],"curies":[{"name":"wp","href":"https:\/\/api.w.org\/{rel}","templated":true}]}}