{"id":250022,"date":"2025-09-08T12:14:55","date_gmt":"2025-09-08T15:14:55","guid":{"rendered":"https:\/\/portalpopmais.com.br\/?p=250022"},"modified":"2025-09-08T12:34:41","modified_gmt":"2025-09-08T15:34:41","slug":"quem-era-a-jovem-jornalista-da-tv-record-que-morreu-eletrocutada-em-colisao-em-bh","status":"publish","type":"post","link":"https:\/\/portalpopmais.com.br\/en\/quem-era-a-jovem-jornalista-da-tv-record-que-morreu-eletrocutada-em-colisao-em-bh\/","title":{"rendered":"Quem era a jovem jornalista da TV Record que morreu eletrocutada em colis\u00e3o em BH"},"content":{"rendered":"<p>Brunna Ribeiro de Castro Rosas, de 22 anos, estava no in\u00edcio de sua carreira no jornalismo e tinha planos promissores. Estudante do 8\u00ba per\u00edodo de Jornalismo da Pontif\u00edcia Universidade Cat\u00f3lica de Minas Gerais (PUC Minas), ela tamb\u00e9m atuava como estagi\u00e1ria na equipe de jornalismo da TV Record, onde era reconhecida como &#8220;inteligente, comprometida, divertida e cercada de amigos&#8221;, segundo a emissora.<\/p>\n\n\n\n<p>No \u00faltimo domingo, por volta das 22h45, Brunna sofreu um acidente de carro em Belo Horizonte que acabou tirando sua vida. Ela estava no ve\u00edculo dirigido pelo namorado, Gabriel de Faria Oliveira, de 26 anos, quando ele perdeu o controle da dire\u00e7\u00e3o na Avenida Nossa Senhora do Carmo, no bairro S\u00e3o Pedro, e bateu no cruzamento com a Rua Rio Verde.<\/p>\n\n\n\n<figure class=\"wp-block-video\"><video height=\"832\" style=\"aspect-ratio: 1472 \/ 832;\" width=\"1472\" controls src=\"https:\/\/portalpopmais.com.br\/wp-content\/uploads\/2025\/09\/Acidente-BH.mp4\"><\/video><\/figure>\n\n\n\n<p>O carro pegou fogo ap\u00f3s a colis\u00e3o, e Brunna tentou sair do ve\u00edculo. No entanto, ela acabou sendo eletrocutada pelos fios soltos de um poste atingido no acidente e morreu no local. Testemunhas relataram que Gabriel dirigia em alta velocidade. O motorista segue em estado grave.<\/p>\n\n\n\n<p>Outro passageiro, Gustavo Lucas Pereira de Assis, de 36 anos, editor de imagens da Record, conseguiu sair do carro com queimaduras leves. Ele e Gabriel foram levados para o hospital.<\/p>\n\n\n\n<figure class=\"wp-block-video\"><video height=\"1920\" style=\"aspect-ratio: 1080 \/ 1920;\" width=\"1080\" controls src=\"https:\/\/portalpopmais.com.br\/wp-content\/uploads\/2025\/09\/Acidente.mp4\"><\/video><\/figure>\n\n\n\n<p>A TV Record Minas emitiu nota lamentando a morte da estagi\u00e1ria e afirmou que acompanha o estado de sa\u00fade dos demais ocupantes do ve\u00edculo, al\u00e9m de prestar apoio \u00e0 fam\u00edlia de Brunna. A PUC Minas tamb\u00e9m se manifestou, destacando que Brunna era admirada por colegas e professores.<\/p>\n\n\n\n<blockquote class=\"wp-block-quote is-layout-flow wp-block-quote-is-layout-flow\">\n<p><em>&#8220;Neste momento de dor, a comunidade universit\u00e1ria se une em ora\u00e7\u00e3o e expressa suas mais sinceras condol\u00eancias \u00e0 fam\u00edlia, amigos, professores e colegas e a todos que tiveram a oportunidade de conviver com a estudante&#8221;, disse a institui\u00e7\u00e3o.<\/em><\/p>\n<\/blockquote>\n\n\n\n<p>A formatura de Brunna estava prevista para janeiro do pr\u00f3ximo ano. A Pol\u00edcia Civil de Minas Gerais abriu investiga\u00e7\u00e3o para apurar as circunst\u00e2ncias do acidente.<\/p>","protected":false},"excerpt":{"rendered":"<p>Ela estava no ve\u00edculo dirigido pelo namorado, quando ele perdeu o controle<\/p>","protected":false},"author":38,"featured_media":250023,"comment_status":"closed","ping_status":"closed","sticky":false,"template":"","format":"standard","meta":{"footnotes":""},"categories":[2165],"tags":[10260,15376],"class_list":["post-250022","post","type-post","status-publish","format-standard","has-post-thumbnail","hentry","category-noticias","tag-minas-gerais","tag-tv-record"],"_links":{"self":[{"href":"https:\/\/portalpopmais.com.br\/en\/wp-json\/wp\/v2\/posts\/250022","targetHints":{"allow":["GET"]}}],"collection":[{"href":"https:\/\/portalpopmais.com.br\/en\/wp-json\/wp\/v2\/posts"}],"about":[{"href":"https:\/\/portalpopmais.com.br\/en\/wp-json\/wp\/v2\/types\/post"}],"author":[{"embeddable":true,"href":"https:\/\/portalpopmais.com.br\/en\/wp-json\/wp\/v2\/users\/38"}],"replies":[{"embeddable":true,"href":"https:\/\/portalpopmais.com.br\/en\/wp-json\/wp\/v2\/comments?post=250022"}],"version-history":[{"count":0,"href":"https:\/\/portalpopmais.com.br\/en\/wp-json\/wp\/v2\/posts\/250022\/revisions"}],"wp:featuredmedia":[{"embeddable":true,"href":"https:\/\/portalpopmais.com.br\/en\/wp-json\/wp\/v2\/media\/250023"}],"wp:attachment":[{"href":"https:\/\/portalpopmais.com.br\/en\/wp-json\/wp\/v2\/media?parent=250022"}],"wp:term":[{"taxonomy":"category","embeddable":true,"href":"https:\/\/portalpopmais.com.br\/en\/wp-json\/wp\/v2\/categories?post=250022"},{"taxonomy":"post_tag","embeddable":true,"href":"https:\/\/portalpopmais.com.br\/en\/wp-json\/wp\/v2\/tags?post=250022"}],"curies":[{"name":"wp","href":"https:\/\/api.w.org\/{rel}","templated":true}]}}