{"id":250309,"date":"2025-09-09T06:00:00","date_gmt":"2025-09-09T09:00:00","guid":{"rendered":"https:\/\/portalpopmais.com.br\/?p=250309"},"modified":"2025-09-08T22:27:57","modified_gmt":"2025-09-09T01:27:57","slug":"leo-lins-volta-a-causar-polemica-ao-promover-concurso-com-criancas-e-adolescentes-durante-show","status":"publish","type":"post","link":"https:\/\/portalpopmais.com.br\/en\/leo-lins-volta-a-causar-polemica-ao-promover-concurso-com-criancas-e-adolescentes-durante-show\/","title":{"rendered":"Leo Lins volta a causar pol\u00eamica ao promover concurso com crian\u00e7as e adolescentes durante show"},"content":{"rendered":"<p>Mesmo condenado a mais de oito anos de pris\u00e3o por piadas preconceituosas, o humorista Leo Lins segue em liberdade enquanto recorre da decis\u00e3o judicial. Em sua atual turn\u00ea, marcada por conte\u00fado ofensivo direcionado a negros, nordestinos, pessoas com HIV e \u00e0 comunidade LGBT+, Lins voltou a gerar controv\u00e9rsia \u2014 desta vez envolvendo menores de idade.<\/p>\n\n\n\n<p>Ao final de uma de suas apresenta\u00e7\u00f5es, o comediante realizou um &#8220;concurso de talentos&#8221; com participa\u00e7\u00e3o de crian\u00e7as e adolescentes do p\u00fablico. Diferente do restante do show, essa parte foi autorizada a ser gravada.<\/p>\n\n\n\n<p>Entre os participantes, um menino de aproximadamente 10 anos subiu ao palco para apresentar uma imita\u00e7\u00e3o de uma pessoa surda, arrancando risadas da plateia. Em outro momento, um adolescente relatou ter sido expulso da escola anterior por repetir piadas do pr\u00f3prio Leo Lins. Ele contou que disse a um colega, filho de m\u00e3e adotiva, que a m\u00e3e dele havia sido &#8220;achada no lixo&#8221;.<\/p>\n\n\n\n<p>O jovem ainda mostrou ao p\u00fablico uma advert\u00eancia escolar que recebeu por sua conduta e, diante da plateia, chamou a professora respons\u00e1vel pela puni\u00e7\u00e3o de &#8220;arrombada gorda petista&#8221;. O comediante n\u00e3o s\u00f3 assinou o documento como foi ovacionado com aplausos entusiasmados.<\/p>\n\n\n\n<p>A cena repercutiu nas redes sociais e reacendeu o debate sobre os limites da com\u00e9dia, o papel de figuras p\u00fablicas na forma\u00e7\u00e3o de jovens e a exposi\u00e7\u00e3o de crian\u00e7as a conte\u00fados discriminat\u00f3rios.<\/p>","protected":false},"excerpt":{"rendered":"<p>Mesmo condenado a mais de oito anos de pris\u00e3o por piadas preconceituosas, o humorista Leo Lins segue em liberdade enquanto recorre da decis\u00e3o judicial. Em sua atual turn\u00ea, marcada por conte\u00fado ofensivo direcionado a negros, nordestinos, pessoas com HIV e \u00e0 comunidade LGBT+, Lins voltou a gerar controv\u00e9rsia \u2014 desta vez envolvendo menores de idade. [&hellip;]<\/p>\n","protected":false},"author":1,"featured_media":250310,"comment_status":"closed","ping_status":"closed","sticky":false,"template":"","format":"standard","meta":{"footnotes":""},"categories":[173],"tags":[10289],"class_list":["post-250309","post","type-post","status-publish","format-standard","has-post-thumbnail","hentry","category-celebridades","tag-leo-lins"],"_links":{"self":[{"href":"https:\/\/portalpopmais.com.br\/en\/wp-json\/wp\/v2\/posts\/250309","targetHints":{"allow":["GET"]}}],"collection":[{"href":"https:\/\/portalpopmais.com.br\/en\/wp-json\/wp\/v2\/posts"}],"about":[{"href":"https:\/\/portalpopmais.com.br\/en\/wp-json\/wp\/v2\/types\/post"}],"author":[{"embeddable":true,"href":"https:\/\/portalpopmais.com.br\/en\/wp-json\/wp\/v2\/users\/1"}],"replies":[{"embeddable":true,"href":"https:\/\/portalpopmais.com.br\/en\/wp-json\/wp\/v2\/comments?post=250309"}],"version-history":[{"count":0,"href":"https:\/\/portalpopmais.com.br\/en\/wp-json\/wp\/v2\/posts\/250309\/revisions"}],"wp:featuredmedia":[{"embeddable":true,"href":"https:\/\/portalpopmais.com.br\/en\/wp-json\/wp\/v2\/media\/250310"}],"wp:attachment":[{"href":"https:\/\/portalpopmais.com.br\/en\/wp-json\/wp\/v2\/media?parent=250309"}],"wp:term":[{"taxonomy":"category","embeddable":true,"href":"https:\/\/portalpopmais.com.br\/en\/wp-json\/wp\/v2\/categories?post=250309"},{"taxonomy":"post_tag","embeddable":true,"href":"https:\/\/portalpopmais.com.br\/en\/wp-json\/wp\/v2\/tags?post=250309"}],"curies":[{"name":"wp","href":"https:\/\/api.w.org\/{rel}","templated":true}]}}