{"id":250965,"date":"2025-09-10T13:25:08","date_gmt":"2025-09-10T16:25:08","guid":{"rendered":"https:\/\/portalpopmais.com.br\/?p=250965"},"modified":"2025-09-10T13:50:50","modified_gmt":"2025-09-10T16:50:50","slug":"gabriel-medina-da-unfollow-anitta-jade-picon","status":"publish","type":"post","link":"https:\/\/portalpopmais.com.br\/en\/gabriel-medina-da-unfollow-anitta-jade-picon\/","title":{"rendered":"Gabriel Medina d\u00e1 unfollow em Anitta e Jade Picon ap\u00f3s engatar namoro com Isabella Arantes"},"content":{"rendered":"<p class=\"wp-block-paragraph\">O surfista <strong><a href=\"https:\/\/portalpopmais.com.br\/en\/trends\/gabriel-medina\/\" data-type=\"post_tag\" data-id=\"8593\">Gabriel Medina <\/a><\/strong>virou assunto nas redes sociais ao deixar de seguir no Instagram antigas envolvidas amorosas \u2014 <strong><a href=\"https:\/\/www.instagram.com\/portalpopmais\/\" target=\"_blank\" rel=\"noopener\">Anitta<\/a><\/strong>, <strong>Jade Picon<\/strong> e <strong>Gabriela Versiani<\/strong> \u2014 e oficializar seu relacionamento com Isabella Arantes. A jovem, de 28 anos, foi sua mais recente namorada assumida.<\/p>\n\n\n\n<p class=\"wp-block-paragraph\">No dia 28 de agosto, Medina e Isabella tornaram p\u00fablico o relacionamento com postagens rom\u00e2nticas nas redes sociais. O surfista compartilhou uma foto ao lado da influenciadora na Pen\u00ednsula de Mara\u00fa (BA), com trilha sonora de \u201cYUKON\u201d, de Justin Bieber, refor\u00e7ando o tom intenso da conex\u00e3o. Pouco depois, Isabella tamb\u00e9m usou emojis apaixonados nas redes sociais, compartilhando um clique do casal andando de moto.<\/p>\n\n\n<div class=\"wp-block-image\">\n<figure class=\"aligncenter size-full\"><img loading=\"lazy\" decoding=\"async\" width=\"716\" height=\"448\" src=\"https:\/\/portalpopmais.com.br\/wp-content\/uploads\/2025\/09\/image-105.png\" alt=\"\" class=\"wp-image-250989\" title=\"\" srcset=\"https:\/\/portalpopmais.com.br\/wp-content\/uploads\/2025\/09\/image-105.png 716w, https:\/\/portalpopmais.com.br\/wp-content\/uploads\/2025\/09\/image-105-18x12.png 18w\" sizes=\"auto, (max-width: 716px) 100vw, 716px\" \/><\/figure>\n<\/div>\n\n<div class=\"wp-block-image\">\n<figure class=\"aligncenter size-full\"><img loading=\"lazy\" decoding=\"async\" width=\"707\" height=\"432\" src=\"https:\/\/portalpopmais.com.br\/wp-content\/uploads\/2025\/09\/image-106.png\" alt=\"\" class=\"wp-image-250991\" title=\"\" srcset=\"https:\/\/portalpopmais.com.br\/wp-content\/uploads\/2025\/09\/image-106.png 707w, https:\/\/portalpopmais.com.br\/wp-content\/uploads\/2025\/09\/image-106-18x12.png 18w\" sizes=\"auto, (max-width: 707px) 100vw, 707px\" \/><\/figure>\n<\/div>\n\n\n<p class=\"wp-block-paragraph\">Isabella iniciou sua carreira como bailarina em um programa de TV e atualmente \u00e9 assistente de palco no <em>Domingo Legal<\/em> (SBT). Ela acumula mais de 1 milh\u00e3o de seguidores no Instagram, \u00e9 empreendedora de moda praia e desfila como musa da escola de samba Salgueiro no Carnaval.<\/p>\n\n\n\n<p class=\"wp-block-paragraph\">Nos bastidores, houve rumores de que Isabella foi tra\u00edda por Z\u00e9 Felipe, ex-noivo com quem se relacionou em 2019, antes de o relacionamento terminar no in\u00edcio de 2020.<\/p>","protected":false},"excerpt":{"rendered":"<p>O surfista Gabriel Medina virou assunto nas redes sociais ao deixar de seguir no Instagram antigas envolvidas amorosas \u2014 Anitta, Jade Picon e Gabriela Versiani \u2014 e oficializar seu relacionamento com Isabella Arantes. A jovem, de 28 anos, foi sua mais recente namorada assumida. No dia 28 de agosto, Medina e Isabella tornaram p\u00fablico o [&hellip;]<\/p>\n","protected":false},"author":3,"featured_media":250972,"comment_status":"closed","ping_status":"closed","sticky":false,"template":"","format":"standard","meta":{"footnotes":""},"categories":[173],"tags":[167,8593,9180],"class_list":["post-250965","post","type-post","status-publish","format-standard","has-post-thumbnail","hentry","category-celebridades","tag-anitta","tag-gabriel-medina","tag-jade-picon"],"_links":{"self":[{"href":"https:\/\/portalpopmais.com.br\/en\/wp-json\/wp\/v2\/posts\/250965","targetHints":{"allow":["GET"]}}],"collection":[{"href":"https:\/\/portalpopmais.com.br\/en\/wp-json\/wp\/v2\/posts"}],"about":[{"href":"https:\/\/portalpopmais.com.br\/en\/wp-json\/wp\/v2\/types\/post"}],"author":[{"embeddable":true,"href":"https:\/\/portalpopmais.com.br\/en\/wp-json\/wp\/v2\/users\/3"}],"replies":[{"embeddable":true,"href":"https:\/\/portalpopmais.com.br\/en\/wp-json\/wp\/v2\/comments?post=250965"}],"version-history":[{"count":0,"href":"https:\/\/portalpopmais.com.br\/en\/wp-json\/wp\/v2\/posts\/250965\/revisions"}],"wp:featuredmedia":[{"embeddable":true,"href":"https:\/\/portalpopmais.com.br\/en\/wp-json\/wp\/v2\/media\/250972"}],"wp:attachment":[{"href":"https:\/\/portalpopmais.com.br\/en\/wp-json\/wp\/v2\/media?parent=250965"}],"wp:term":[{"taxonomy":"category","embeddable":true,"href":"https:\/\/portalpopmais.com.br\/en\/wp-json\/wp\/v2\/categories?post=250965"},{"taxonomy":"post_tag","embeddable":true,"href":"https:\/\/portalpopmais.com.br\/en\/wp-json\/wp\/v2\/tags?post=250965"}],"curies":[{"name":"wp","href":"https:\/\/api.w.org\/{rel}","templated":true}]}}