{"id":251666,"date":"2025-09-11T20:24:59","date_gmt":"2025-09-11T23:24:59","guid":{"rendered":"https:\/\/portalpopmais.com.br\/?p=251666"},"modified":"2025-09-11T20:26:25","modified_gmt":"2025-09-11T23:26:25","slug":"jose-de-abreu-debocha-da-morte-de-charlie-kirk-foi-vistar-olavo","status":"publish","type":"post","link":"https:\/\/portalpopmais.com.br\/en\/jose-de-abreu-debocha-da-morte-de-charlie-kirk-foi-vistar-olavo\/","title":{"rendered":"Jos\u00e9 de Abreu debocha da morte de Charlie Kirk: &#8216;Foi vistar Olavo&#8217;"},"content":{"rendered":"<p class=\"wp-block-paragraph\">O ator Jos\u00e9 de Abreu gerou controv\u00e9rsia nesta quinta-feira (11) ao ironizar a morte do influenciador conservador Charlie Kirk, ocorrida no dia anterior nos Estados Unidos.<\/p>\n\n\n\n<p class=\"wp-block-paragraph\">No X (antigo Twitter), o veterano artista respondeu a um coment\u00e1rio de um internauta que zombava do falecimento de Kirk, conhecido por seu alinhamento pol\u00edtico com o ex-presidente Donald Trump. O ator compartilhou a publica\u00e7\u00e3o acrescentando a frase: \u201cFoi visitar o Olavo\u201d, em refer\u00eancia ao escritor Olavo de Carvalho, um dos principais ide\u00f3logos do bolsonarismo, que morreu em 2022.<\/p>\n\n\n\n<figure class=\"wp-block-embed is-type-rich is-provider-twitter wp-block-embed-twitter\"><div class=\"wp-block-embed__wrapper\">\n<blockquote class=\"twitter-tweet\" data-width=\"550\" data-dnt=\"true\"><p lang=\"pt\" dir=\"ltr\">Foi visitar o Olavo. <a href=\"https:\/\/t.co\/QoG6ZvE4Hx\">https:\/\/t.co\/QoG6ZvE4Hx<\/a><\/p>&mdash; Jose de Abreu (@zehdeabreu) <a href=\"https:\/\/twitter.com\/zehdeabreu\/status\/1966182806746444242?ref_src=twsrc%5Etfw\" target=\"_blank\" rel=\"noopener\">September 11, 2025<\/a><\/blockquote><script async src=\"https:\/\/platform.twitter.com\/widgets.js\" charset=\"utf-8\"><\/script>\n<\/div><\/figure>\n\n\n\n<p class=\"wp-block-paragraph\">O epis\u00f3dio ganhou repercuss\u00e3o ap\u00f3s uma reportagem lembrar que, em mar\u00e7o, Charlie Kirk havia pedido a Donald Trump que aplicasse tarifas e san\u00e7\u00f5es ao Brasil, em retalia\u00e7\u00e3o \u00e0 decis\u00e3o do Supremo Tribunal Federal (STF) de aceitar uma den\u00fancia contra Jair Bolsonaro por tentativa de golpe. Na ocasi\u00e3o, Kirk acusou o STF de cercear a liberdade de express\u00e3o.<\/p>\n\n\n\n<p class=\"wp-block-paragraph\">Charlie Kirk, de 31 anos, cofundador da organiza\u00e7\u00e3o Turning Point USA, foi baleado enquanto discursava em um evento na Utah Valley University, em Orem, Utah, na quarta-feira (10). Ele foi atingido na regi\u00e3o do pesco\u00e7o e, apesar de ter recebido atendimento m\u00e9dico, n\u00e3o resistiu aos ferimentos.<\/p>\n\n\n\n<p class=\"wp-block-paragraph\">Kirk era uma figura influente entre jovens conservadores nos Estados Unidos, conhecido por sua atua\u00e7\u00e3o midi\u00e1tica e engajamento pol\u00edtico alinhado a Trump, tendo papel relevante na mobiliza\u00e7\u00e3o da direita americana.<\/p>","protected":false},"excerpt":{"rendered":"<p>O ator Jos\u00e9 de Abreu gerou controv\u00e9rsia nesta quinta-feira (11) ao ironizar a morte do influenciador conservador Charlie Kirk, ocorrida no dia anterior nos Estados Unidos. No X (antigo Twitter), o veterano artista respondeu a um coment\u00e1rio de um internauta que zombava do falecimento de Kirk, conhecido por seu alinhamento pol\u00edtico com o ex-presidente Donald [&hellip;]<\/p>\n","protected":false},"author":1,"featured_media":251667,"comment_status":"closed","ping_status":"closed","sticky":false,"template":"","format":"standard","meta":{"footnotes":""},"categories":[173],"tags":[18965,13832],"class_list":["post-251666","post","type-post","status-publish","format-standard","has-post-thumbnail","hentry","category-celebridades","tag-charlie-kirk","tag-jose-de-abreu"],"_links":{"self":[{"href":"https:\/\/portalpopmais.com.br\/en\/wp-json\/wp\/v2\/posts\/251666","targetHints":{"allow":["GET"]}}],"collection":[{"href":"https:\/\/portalpopmais.com.br\/en\/wp-json\/wp\/v2\/posts"}],"about":[{"href":"https:\/\/portalpopmais.com.br\/en\/wp-json\/wp\/v2\/types\/post"}],"author":[{"embeddable":true,"href":"https:\/\/portalpopmais.com.br\/en\/wp-json\/wp\/v2\/users\/1"}],"replies":[{"embeddable":true,"href":"https:\/\/portalpopmais.com.br\/en\/wp-json\/wp\/v2\/comments?post=251666"}],"version-history":[{"count":0,"href":"https:\/\/portalpopmais.com.br\/en\/wp-json\/wp\/v2\/posts\/251666\/revisions"}],"wp:featuredmedia":[{"embeddable":true,"href":"https:\/\/portalpopmais.com.br\/en\/wp-json\/wp\/v2\/media\/251667"}],"wp:attachment":[{"href":"https:\/\/portalpopmais.com.br\/en\/wp-json\/wp\/v2\/media?parent=251666"}],"wp:term":[{"taxonomy":"category","embeddable":true,"href":"https:\/\/portalpopmais.com.br\/en\/wp-json\/wp\/v2\/categories?post=251666"},{"taxonomy":"post_tag","embeddable":true,"href":"https:\/\/portalpopmais.com.br\/en\/wp-json\/wp\/v2\/tags?post=251666"}],"curies":[{"name":"wp","href":"https:\/\/api.w.org\/{rel}","templated":true}]}}