{"id":251674,"date":"2025-09-11T22:27:03","date_gmt":"2025-09-12T01:27:03","guid":{"rendered":"https:\/\/portalpopmais.com.br\/?p=251674"},"modified":"2025-09-11T22:28:33","modified_gmt":"2025-09-12T01:28:33","slug":"coincidencia-empresario-que-arrendou-o-world-trade-center-alterou-seguro-semanas-antes-do-atentado","status":"publish","type":"post","link":"https:\/\/portalpopmais.com.br\/en\/coincidencia-empresario-que-arrendou-o-world-trade-center-alterou-seguro-semanas-antes-do-atentado\/","title":{"rendered":"Coincid\u00eancia? Empres\u00e1rio que arrendou o World Trade Center alterou seguro semanas antes do atentado"},"content":{"rendered":"<p>Larry Silverstein, empres\u00e1rio do setor imobili\u00e1rio, havia fechado um acordo de arrendamento das Torres G\u00eameas do World Trade Center apenas sete semanas antes dos atentados de 11 de setembro de 2001. Uma das decis\u00f5es que chamou aten\u00e7\u00e3o na \u00e9poca foi a reformula\u00e7\u00e3o do contrato de seguro dos edif\u00edcios, feita logo ap\u00f3s assumir o controle do complexo.<\/p>\n\n\n\n<p>O novo contrato previa que cada uma das torres fosse considerada separadamente para fins de indeniza\u00e7\u00e3o, em caso de sinistro. Ap\u00f3s os ataques, essa cl\u00e1usula foi essencial para que a seguradora pagasse o valor referente \u00e0 destrui\u00e7\u00e3o de cada torre individualmente \u2014 resultando em uma indeniza\u00e7\u00e3o total de aproximadamente US\\$ 7,5 bilh\u00f5es. O custo de aquisi\u00e7\u00e3o do arrendamento girava em torno de US\\$ 3,2 bilh\u00f5es.<\/p>\n\n\n\n<p>Outro fato que gerou especula\u00e7\u00f5es ao longo dos anos foi a aus\u00eancia de Silverstein no local no dia dos atentados. Conhecido por sua rotina r\u00edgida, ele costumava estar no restaurante do topo da Torre Norte todas as manh\u00e3s, mas naquele dia cancelou o compromisso devido a uma consulta m\u00e9dica.<\/p>\n\n\n\n<p>Esses elementos alimentaram, ao longo das d\u00e9cadas, diversas teorias da conspira\u00e7\u00e3o sobre os ataques. No entanto, nenhuma investiga\u00e7\u00e3o oficial jamais encontrou ind\u00edcios de envolvimento de Silverstein ou de irregularidades no processo de seguro ou na trag\u00e9dia em si.<\/p>\n\n\n\n<p>O caso permanece como um dos epis\u00f3dios mais analisados da hist\u00f3ria recente, tanto pelo impacto humano quanto pelas implica\u00e7\u00f5es pol\u00edticas, econ\u00f4micas e legais que se desdobraram ap\u00f3s os atentados.<\/p>","protected":false},"excerpt":{"rendered":"<p>Larry Silverstein, empres\u00e1rio do setor imobili\u00e1rio, havia fechado um acordo de arrendamento das Torres G\u00eameas do World Trade Center apenas sete semanas antes dos atentados de 11 de setembro de 2001. Uma das decis\u00f5es que chamou aten\u00e7\u00e3o na \u00e9poca foi a reformula\u00e7\u00e3o do contrato de seguro dos edif\u00edcios, feita logo ap\u00f3s assumir o controle do [&hellip;]<\/p>\n","protected":false},"author":2,"featured_media":251675,"comment_status":"closed","ping_status":"closed","sticky":false,"template":"","format":"standard","meta":{"footnotes":""},"categories":[18655],"tags":[18656],"class_list":["post-251674","post","type-post","status-publish","format-standard","has-post-thumbnail","hentry","category-curiosidades","tag-curiosidades"],"_links":{"self":[{"href":"https:\/\/portalpopmais.com.br\/en\/wp-json\/wp\/v2\/posts\/251674","targetHints":{"allow":["GET"]}}],"collection":[{"href":"https:\/\/portalpopmais.com.br\/en\/wp-json\/wp\/v2\/posts"}],"about":[{"href":"https:\/\/portalpopmais.com.br\/en\/wp-json\/wp\/v2\/types\/post"}],"author":[{"embeddable":true,"href":"https:\/\/portalpopmais.com.br\/en\/wp-json\/wp\/v2\/users\/2"}],"replies":[{"embeddable":true,"href":"https:\/\/portalpopmais.com.br\/en\/wp-json\/wp\/v2\/comments?post=251674"}],"version-history":[{"count":0,"href":"https:\/\/portalpopmais.com.br\/en\/wp-json\/wp\/v2\/posts\/251674\/revisions"}],"wp:featuredmedia":[{"embeddable":true,"href":"https:\/\/portalpopmais.com.br\/en\/wp-json\/wp\/v2\/media\/251675"}],"wp:attachment":[{"href":"https:\/\/portalpopmais.com.br\/en\/wp-json\/wp\/v2\/media?parent=251674"}],"wp:term":[{"taxonomy":"category","embeddable":true,"href":"https:\/\/portalpopmais.com.br\/en\/wp-json\/wp\/v2\/categories?post=251674"},{"taxonomy":"post_tag","embeddable":true,"href":"https:\/\/portalpopmais.com.br\/en\/wp-json\/wp\/v2\/tags?post=251674"}],"curies":[{"name":"wp","href":"https:\/\/api.w.org\/{rel}","templated":true}]}}