{"id":251737,"date":"2025-09-14T04:07:00","date_gmt":"2025-09-14T07:07:00","guid":{"rendered":"https:\/\/portalpopmais.com.br\/?p=251737"},"modified":"2025-09-12T09:22:49","modified_gmt":"2025-09-12T12:22:49","slug":"estreia-de-jota-pe-no-the-town-tera-participacao-de-joao-gomes-confira-o-provavel-setlist","status":"publish","type":"post","link":"https:\/\/portalpopmais.com.br\/en\/estreia-de-jota-pe-no-the-town-tera-participacao-de-joao-gomes-confira-o-provavel-setlist\/","title":{"rendered":"Estreia de Jota.P\u00ea no The Town ter\u00e1 participa\u00e7\u00e3o de Jo\u00e3o Gomes; confira o prov\u00e1vel setlist"},"content":{"rendered":"<p>No domingo (14), \u00faltimo dia do <strong><a href=\"https:\/\/portalpopmais.com.br\/en\/trends\/the-town\/\">The Town<\/a><\/strong>, Jota.P\u00ea sobe ao palco <em>The One<\/em> \u00e0s 14h40, para sua estreia no festival e ter\u00e1 a companhia de Jo\u00e3o Gomes em uma apresenta\u00e7\u00e3o especial. A dupla, que divide a turn\u00ea com o sanfoneiro Mestrinho no projeto <em>Dominguinho<\/em>, promete um show recheado de colabora\u00e7\u00f5es e surpresas.<\/p>\n\n\n\n<p>Aos 32 anos, o cantor paulista, dono de tr\u00eas Grammys Latinos pelo disco <em>Se Meu Peito Fosse o Mundo<\/em>, encara o festival como um marco na carreira. \u201c\u00c9 o maior festival que j\u00e1 toquei at\u00e9 hoje. \u00c9 muito especial entender isso\u201d, afirmou em entrevista, lembrando dos tempos em que se apresentava em bares improvisados.<\/p>\n\n\n\n<p>Jo\u00e3o Gomes ser\u00e1 o convidado do repert\u00f3rio, alternando participa\u00e7\u00f5es em m\u00fasicas pr\u00f3prias, composi\u00e7\u00f5es de Jota.P\u00ea e faixas do projeto <em>Dominguinho<\/em>. \u201cTalvez umas coisas dele, talvez umas coisas minhas, talvez todas as coisas\u201d, brincou o paulista, em tom descontra\u00eddo.<\/p>\n\n\n\n<h3 class=\"wp-block-heading\">Grammy Latino<\/h3>\n\n\n\n<p>A parceria entre os dois come\u00e7ou em 2024, na cerim\u00f4nia do Grammy Latino. Depois, se reencontraram em grava\u00e7\u00f5es e, em poucas semanas, j\u00e1 estavam em Recife, ao lado de Mestrinho, dando in\u00edcio ao projeto que acabou rendendo um \u00e1lbum com 12 faixas.<\/p>\n\n\n\n<blockquote class=\"wp-block-quote is-layout-flow wp-block-quote-is-layout-flow\">\n<p><em>\u201cEra pra ser uma coisa pequena, de amigos, mas cresceu de um jeito surreal. \u00c9 o disco de maior repercuss\u00e3o dos tr\u00eas\u201d, contou Jota.P\u00ea.<\/em><\/p>\n<\/blockquote>\n\n\n\n<p>No The Town, o artista levar\u00e1 um repert\u00f3rio que celebra a m\u00fasica brasileira contempor\u00e2nea. O p\u00fablico pode esperar arranjos com sopros, cordas e percuss\u00e3o, al\u00e9m de uma atmosfera intimista e acolhedora, marca dos shows de Jota.P\u00ea. Ao lado da banda completa, ele tamb\u00e9m vai revisitar o \u00e1lbum premiado, em um momento de celebra\u00e7\u00e3o do sucesso recente.<\/p>\n\n\n\n<p>Jo\u00e3o Gomes, por sua vez, empresta sua voz para refor\u00e7ar a conex\u00e3o entre os estilos dos dois artistas, num encontro que promete traduzir a diversidade da m\u00fasica nacional em uma \u00fanica apresenta\u00e7\u00e3o.<\/p>\n\n\n\n<h3 class=\"wp-block-heading\">Confira a poss\u00edvel setlist<\/h3>\n\n\n\n<ul class=\"wp-block-list\">\n<li>Lembrei de N\u00f3s<\/li>\n\n\n\n<li>Beija Flor<\/li>\n\n\n\n<li>Arriadin por Tu<\/li>\n\n\n\n<li>Flor<\/li>\n\n\n\n<li>Flor de Flamboyant<\/li>\n\n\n\n<li>Mala e Cuia<\/li>\n\n\n\n<li>At\u00e9 Mais Ver<\/li>\n\n\n\n<li>Ouro Marrom<\/li>\n\n\n\n<li>Some ou Me Assume<\/li>\n\n\n\n<li>Mete um Block\/Ela Tem<\/li>\n\n\n\n<li>Eu e Voc\u00ea<\/li>\n\n\n\n<li>Te Fa\u00e7o um Cafun\u00e9<\/li>\n\n\n\n<li>Lenda<\/li>\n\n\n\n<li>Meu Bem<\/li>\n\n\n\n<li>Perdido de Amor<\/li>\n\n\n\n<li>Janeiro a Janeiro<\/li>\n\n\n\n<li>Peda\u00e7o de Pecado<\/li>\n\n\n\n<li>Pontes Indestrut\u00edveis<\/li>\n<\/ul>\n\n\n\n<blockquote class=\"wp-block-quote is-layout-flow wp-block-quote-is-layout-flow\">\n<p><em>A lista pode sofrer altera\u00e7\u00e3o<\/em><\/p>\n<\/blockquote>","protected":false},"excerpt":{"rendered":"<p>Artistas levam ao palco The One parceria do projeto Dominguinho e celebram sucesso na m\u00fasica brasileira<\/p>","protected":false},"author":38,"featured_media":251742,"comment_status":"closed","ping_status":"closed","sticky":false,"template":"","format":"standard","meta":{"footnotes":""},"categories":[154],"tags":[9123,18972,12968],"class_list":["post-251737","post","type-post","status-publish","format-standard","has-post-thumbnail","hentry","category-musica","tag-joao-gomes","tag-jota-pe-2","tag-the-town"],"_links":{"self":[{"href":"https:\/\/portalpopmais.com.br\/en\/wp-json\/wp\/v2\/posts\/251737","targetHints":{"allow":["GET"]}}],"collection":[{"href":"https:\/\/portalpopmais.com.br\/en\/wp-json\/wp\/v2\/posts"}],"about":[{"href":"https:\/\/portalpopmais.com.br\/en\/wp-json\/wp\/v2\/types\/post"}],"author":[{"embeddable":true,"href":"https:\/\/portalpopmais.com.br\/en\/wp-json\/wp\/v2\/users\/38"}],"replies":[{"embeddable":true,"href":"https:\/\/portalpopmais.com.br\/en\/wp-json\/wp\/v2\/comments?post=251737"}],"version-history":[{"count":0,"href":"https:\/\/portalpopmais.com.br\/en\/wp-json\/wp\/v2\/posts\/251737\/revisions"}],"wp:featuredmedia":[{"embeddable":true,"href":"https:\/\/portalpopmais.com.br\/en\/wp-json\/wp\/v2\/media\/251742"}],"wp:attachment":[{"href":"https:\/\/portalpopmais.com.br\/en\/wp-json\/wp\/v2\/media?parent=251737"}],"wp:term":[{"taxonomy":"category","embeddable":true,"href":"https:\/\/portalpopmais.com.br\/en\/wp-json\/wp\/v2\/categories?post=251737"},{"taxonomy":"post_tag","embeddable":true,"href":"https:\/\/portalpopmais.com.br\/en\/wp-json\/wp\/v2\/tags?post=251737"}],"curies":[{"name":"wp","href":"https:\/\/api.w.org\/{rel}","templated":true}]}}