{"id":251769,"date":"2025-09-12T09:49:07","date_gmt":"2025-09-12T12:49:07","guid":{"rendered":"https:\/\/portalpopmais.com.br\/?p=251769"},"modified":"2025-09-12T09:49:09","modified_gmt":"2025-09-12T12:49:09","slug":"lancamentos-musicais-12-de-setmebro-de-2025","status":"publish","type":"post","link":"https:\/\/portalpopmais.com.br\/en\/lancamentos-musicais-12-de-setmebro-de-2025\/","title":{"rendered":"Lan\u00e7amentos da semana: Demi Lovato, Jo\u00e3o Gomes, Marina Sena, The Gorillaz"},"content":{"rendered":"\n<p>A segunda sexta-feira de setembro chega com novos lan\u00e7amentos musicais e audiovisuais pra voc\u00ea. O <a href=\"http:\/\/portalpopmais.com.br\">POP Mais<\/a> selecionou quais foram os destaques pra gente nessa semana. Vem aproveitar pra atualizar a sua playlist com a gente!\u00a0<\/p>\n\n\n\n<p><strong>Demi Lovato<\/strong><\/p>\n\n\n\n<p>Demi Lovato lan\u00e7ou nesta sexta-feira (12) seu novo single, Here All Night, trazendo uma sonoridade que mistura pop com eletr\u00f4nica e batidas mais aceleradas. A can\u00e7\u00e3o explora temas de entrega total e presen\u00e7a em um relacionamento, abordando com sensualidade a for\u00e7a de se estar por inteiro ao lado de algu\u00e9m. A letra \u00e9 envolvente e demonstra a caracter\u00edstica da cantora de se entregar emocionalmente \u00e0 m\u00fasica, com momentos que destacam sua impressionante habilidade vocal. Here All Night \u00e9 a segunda pr\u00e9via do t\u00e3o aguardado nono \u00e1lbum de Demi, que ainda n\u00e3o tem data de lan\u00e7amento confirmada. Junto com o single, foi divulgado um clipe oficial, que j\u00e1 est\u00e1 dispon\u00edvel para os f\u00e3s conferirem e se deixarem envolver pela nova fase musical da artista.<\/p>\n\n\n\n<figure class=\"wp-block-embed is-type-video is-provider-youtube wp-block-embed-youtube wp-embed-aspect-4-3 wp-has-aspect-ratio\"><div class=\"wp-block-embed__wrapper\">\n<iframe loading=\"lazy\" title=\"Demi Lovato - Here All Night (Official Music Video)\" width=\"880\" height=\"660\" src=\"https:\/\/www.youtube.com\/embed\/AeJZe6eHBEA?feature=oembed\" frameborder=\"0\" allow=\"accelerometer; autoplay; clipboard-write; encrypted-media; gyroscope; picture-in-picture; web-share\" referrerpolicy=\"strict-origin-when-cross-origin\" allowfullscreen><\/iframe>\n<\/div><\/figure>\n\n\n\n<p><strong>Marina Sena<\/strong><\/p>\n\n\n\n<p>Marina Sena acende mais uma chama de sua poesia com o lan\u00e7amento do videoclipe de \u201cLua Cheia\u201d, que estreia nesta quarta-feira, dia 10, \u00e0s 21h. A can\u00e7\u00e3o, uma das mais celebradas do \u00e1lbum Coisas Naturais, ganha imagem e corpo em um registro que reflete a for\u00e7a do Norte de Minas e a m\u00edstica de quem se entrega ao pr\u00f3prio destino \u2014 n\u00e3o por acaso, em plena noite de lua cheia.<\/p>\n\n\n\n<figure class=\"wp-block-embed is-type-video is-provider-youtube wp-block-embed-youtube wp-embed-aspect-16-9 wp-has-aspect-ratio\"><div class=\"wp-block-embed__wrapper\">\n<iframe loading=\"lazy\" title=\"Marina Sena - Lua Cheia (Clipe Oficial)\" width=\"880\" height=\"495\" src=\"https:\/\/www.youtube.com\/embed\/q0u47Nl7N7M?feature=oembed\" frameborder=\"0\" allow=\"accelerometer; autoplay; clipboard-write; encrypted-media; gyroscope; picture-in-picture; web-share\" referrerpolicy=\"strict-origin-when-cross-origin\" allowfullscreen><\/iframe>\n<\/div><\/figure>\n\n\n\n<p><strong>Jo\u00e3o Gomes<\/strong><\/p>\n\n\n\n<p>O artista que j\u00e1 \u00e9 destaque na cena da m\u00fasica nacional apresenta ao p\u00fablico o \u00e1lbum \u201cP\u00e9 de Serrita\u201d. Um trabalho que mergulha nas origens do forr\u00f3 e homenageia a cidade de Natal do artista, Serrita, no sert\u00e3o pernambucano. O \u00e1lbum chega com 10 faixas de in\u00e9ditas e regrava\u00e7\u00f5es.<\/p>\n\n\n\n<figure class=\"wp-block-embed is-type-rich is-provider-spotify wp-block-embed-spotify wp-embed-aspect-21-9 wp-has-aspect-ratio\"><div class=\"wp-block-embed__wrapper\">\n<iframe title=\"Spotify Embed: P\u00e9 de Serrita\" style=\"border-radius: 12px\" width=\"100%\" height=\"352\" frameborder=\"0\" allowfullscreen allow=\"autoplay; clipboard-write; encrypted-media; fullscreen; picture-in-picture\" loading=\"lazy\" src=\"https:\/\/open.spotify.com\/embed\/album\/49r55Kemw1g1M6pOs79SRk?utm_source=oembed\"><\/iframe>\n<\/div><\/figure>\n\n\n\n<p><strong>The Gorillaz&nbsp;<\/strong><\/p>\n\n\n\n<p>A ic\u00f4nica banda retorna com lan\u00e7amento essa semana. Em uma parceria com Sparks na faixa \u201cThe Happy Dictator\u201d o que faz parte do \u00e1lbum \u201cThe Mountain\u201d que chega em 20 de mar\u00e7o de 2026<\/p>\n\n\n\n<figure class=\"wp-block-embed is-type-rich is-provider-spotify wp-block-embed-spotify wp-embed-aspect-21-9 wp-has-aspect-ratio\"><div class=\"wp-block-embed__wrapper\">\n<iframe title=\"Spotify Embed: The Happy Dictator (feat. Sparks)\" style=\"border-radius: 12px\" width=\"100%\" height=\"352\" frameborder=\"0\" allowfullscreen allow=\"autoplay; clipboard-write; encrypted-media; fullscreen; picture-in-picture\" loading=\"lazy\" src=\"https:\/\/open.spotify.com\/embed\/album\/28hPpJ5zrajpudLVXzvEZF?si=SG51Gip6QoGeHCpxgPROMw&#038;utm_source=oembed\"><\/iframe>\n<\/div><\/figure>\n\n\n\n<p><strong>Zekk<\/strong><\/p>\n\n\n\n<p>Cantor, compositor e beatmaker de S\u00e3o Gon\u00e7alo, Zekk chega ao projeto Studio Rec da 1Kilo, que j\u00e1 ultrapassou de 100 mil reprodu\u00e7\u00f5es. O \u201cModo Foco\u201d entrega performance envolvente, navegando entre o Trap e o R&amp;B. Ou\u00e7a <a href=\"https:\/\/www.youtube.com\/channel\/UC4MBNNxjyabOfYxKC1whveg\" target=\"_blank\" rel=\"noopener\">aqui<\/a>.<\/p>\n\n\n\n<p><strong>DomLaike<\/strong><\/p>\n\n\n\n<p>O rapper chega com um projeto ousado que une trap e funk em 16 faixas com participa\u00e7\u00f5es de L7NNON, Caio Luccas, Marvin Mk e Vinicin. Veja <a href=\"https:\/\/www.youtube.com\/@DomLaike\" target=\"_blank\" rel=\"noopener\">aqui<\/a>.<\/p>\n\n\n\n<p><strong>Os Garotin<\/strong><\/p>\n\n\n\n<p>Nessa semana o grupo disponibilizou os audiovisuais do seu \u00faltimo projeto. \u201cSimples Assim\u201d chega como faixa foco<\/p>\n\n\n\n<figure class=\"wp-block-embed is-type-video is-provider-youtube wp-block-embed-youtube wp-embed-aspect-16-9 wp-has-aspect-ratio\"><div class=\"wp-block-embed__wrapper\">\n<iframe loading=\"lazy\" title=\"Os Garotin - Simples Assim (Live Session)\" width=\"880\" height=\"495\" src=\"https:\/\/www.youtube.com\/embed\/UWo5fJ9y7ew?feature=oembed\" frameborder=\"0\" allow=\"accelerometer; autoplay; clipboard-write; encrypted-media; gyroscope; picture-in-picture; web-share\" referrerpolicy=\"strict-origin-when-cross-origin\" allowfullscreen><\/iframe>\n<\/div><\/figure>\n\n\n\n<p><strong>Thiago Pantale\u00e3o<\/strong><\/p>\n\n\n\n<p>Thiago Pantale\u00e3o apresenta seu novo single, &#8220;Mesmo Lugar&#8221;. A faixa lan\u00e7ada em parceria com a baixista, beatmaker e produtora Simbiat Ebhohon, marca um momento especial na carreira do artista, que aposta em um som mais \u00edntimo e conectado \u00e0s suas origens, explorando temas como rela\u00e7\u00f5es, escolhas e reencontros.\u00a0Confira <a href=\"https:\/\/ads.somlivre.com.br\/Mesmo_Lugar\" target=\"_blank\" rel=\"noopener\">aqui<\/a>.<\/p>\n\n\n\n<p><strong>Diego &amp; Victor Hugo, Nattan<\/strong><\/p>\n\n\n\n<p>A dupla Diego &amp; Victor Hugo lan\u00e7a a in\u00e9dita \u201cAndar de Baixo\u201d em parceria com o cantor Nattan. A m\u00fasica completa o terceiro EP do projeto Ao Vivo em Uberl\u00e2ndia que re\u00fane can\u00e7\u00f5es j\u00e1 lan\u00e7adas. Confira <a href=\"https:\/\/forms.sonymusicfans.com\/campaign\/diego-victor-hugo-andar-de-baixo\" target=\"_blank\" rel=\"noopener\">aqui<\/a>.<\/p>\n\n\n\n<p><strong>Emmano&nbsp;<\/strong><\/p>\n\n\n\n<p>Entre mar\u00e9s e melodias, um novo ciclo nasce para Emmano. Batizado na Umbanda, o cantor entrega ao mundo &#8220;Rainha do Mar&#8221;, um canto sagrado que reverencia Iemanj\u00e1, a grande m\u00e3e das \u00e1guas, guardi\u00e3 dos mist\u00e9rios e acolhimento. Confira <a href=\"https:\/\/sym.ffm.to\/rainhadomar\" target=\"_blank\" rel=\"noopener\">aqui<\/a>.<\/p>\n\n\n\n<p><strong>Pedro Perez&nbsp;<\/strong><\/p>\n\n\n\n<p>O capixaba, que j\u00e1 soma seis anos de carreira na m\u00fasica, lan\u00e7ou o primeiro passo rumo ao seu \u00e1lbum de estreia com o single &#8220;Te Espero Na Vila&#8221;. Produzida por Bruno Signorelly e Fred Nery, vocalista do Macucos, a faixa chega como um convite a mergulhar em um projeto que mistura brasilidade, reggae e mem\u00f3rias afetivas.\u00a0Veja <a href=\"https:\/\/open.spotify.com\/album\/40Nr94jt2qyxY1VQJISBS5?si=L3XnUTEKRo-CUL4uh5R-SA\" target=\"_blank\" rel=\"noopener\">aqui<\/a>.<\/p>\n\n\n\n<p><strong>UNNA X&nbsp;<\/strong><\/p>\n\n\n\n<p>A pedido dos f\u00e3s, UNNA X faz o caminho contr\u00e1rio e lan\u00e7a a vers\u00e3o ac\u00fastica de sua nova aposta, &#8220;Tu Me Ama&#8221;. A finalista da 1\u00aa edi\u00e7\u00e3o do &#8220;Estrela da Casa&#8221; prepara para a pr\u00f3xima semana a vers\u00e3o eletr\u00f4nica da m\u00fasica, que chegar\u00e1 junto de um videoclipe.<\/p>\n\n\n\n<p><strong>Bruno C\u00e9sar &amp; Rodrigo&nbsp;<\/strong><\/p>\n\n\n\n<p>O EP da dupla Bruno C\u00e9sar &amp; Rodrigo traz 4 faixas, sendo 3 in\u00e9ditas, e promete conquistar os cora\u00e7\u00f5es dos f\u00e3s de sertanejo com letras que misturam sofr\u00eancia e humor. Confira <a href=\"https:\/\/ads.somlivre.com.br\/Sofredores_Entenderao_EP1\" target=\"_blank\" rel=\"noopener\">aqui<\/a>.<\/p>\n\n\n\n<p><strong>Gaab<\/strong><\/p>\n\n\n\n<p>O canto lan\u00e7a o single &#8220;A Gente Junto&#8221; com participa\u00e7\u00e3o de Murillo e LT. Confira <a href=\"https:\/\/ads.somlivre.com.br\/A_Gente_Junto\" target=\"_blank\" rel=\"noopener\">aqui<\/a>.<\/p>\n\n\n\n<p><strong>Ryu, The Runner<\/strong><\/p>\n\n\n\n<p>&#8220;Lido com Crises&#8221; tem participa\u00e7\u00e3o de Vulgo FK, 6ee, Neckklace e encerra a s\u00e9rie de lan\u00e7amentos que antecedem o projeto do cantor Ryu, The Runner, intitulado &#8220;Adulto Ideal&#8221;. Assim como os outros lan\u00e7amentos de Ryu, &#8220;Lido Com Crises&#8221; chega acompanhado de um clipe.<\/p>\n\n\n\n<figure class=\"wp-block-embed is-type-video is-provider-youtube wp-block-embed-youtube wp-embed-aspect-16-9 wp-has-aspect-ratio\"><div class=\"wp-block-embed__wrapper\">\n<iframe loading=\"lazy\" title=\"Ryu, The Runner - Lido com Crises feat. Vulgo FK (Neckklace, 6ee) [Official Video]\" width=\"880\" height=\"495\" src=\"https:\/\/www.youtube.com\/embed\/XjB_zNY3BAQ?feature=oembed\" frameborder=\"0\" allow=\"accelerometer; autoplay; clipboard-write; encrypted-media; gyroscope; picture-in-picture; web-share\" referrerpolicy=\"strict-origin-when-cross-origin\" allowfullscreen><\/iframe>\n<\/div><\/figure>\n\n\n\n<p><strong>Michele Andrade<\/strong><\/p>\n\n\n\n<p>A cantora lan\u00e7a \u201cEu N\u00e3o Vou Embora\u201d parceria com o cantor MC GW e que chega unindo bregadeira com funk. O clipe foi gravado diretamente do Rancho do Maia.<\/p>\n\n\n\n<figure class=\"wp-block-embed is-type-video is-provider-youtube wp-block-embed-youtube wp-embed-aspect-16-9 wp-has-aspect-ratio\"><div class=\"wp-block-embed__wrapper\">\n<iframe loading=\"lazy\" title=\"Eu N\u00e3o Vou Embora - Michele Andrade e Mc GW\" width=\"880\" height=\"495\" src=\"https:\/\/www.youtube.com\/embed\/1oOdHoNx_Pc?feature=oembed\" frameborder=\"0\" allow=\"accelerometer; autoplay; clipboard-write; encrypted-media; gyroscope; picture-in-picture; web-share\" referrerpolicy=\"strict-origin-when-cross-origin\" allowfullscreen><\/iframe>\n<\/div><\/figure>\n\n\n\n<p><strong>Jo\u00e3o Bosco &amp; Vinicius<\/strong><\/p>\n\n\n\n<p>Chegam essa semana quatro faixas selecionadas para integrar a primeira parte de &#8220;Deixa o Barulho&#8221;, o novo \u00e1lbum de Jo\u00e3o Bosco &amp; Vin\u00edcius. Gravado em SP, o disco foi constru\u00eddo com 18 can\u00e7\u00f5es, sendo 16 in\u00e9ditas e 2 regrava\u00e7\u00f5es.&nbsp;<\/p>\n\n\n\n<p><strong>Bruno &amp; Barretto&nbsp;<\/strong><\/p>\n\n\n\n<p>A dupla chega com o seu novo lan\u00e7amento, \u201cSistem\u00e3o Vol. 2\u201d. O trabalho conta com cinco faixas!<\/p>\n\n\n\n<p><strong>Anna Toledo<\/strong><\/p>\n\n\n\n<p>A cantora Anna Toledo apresenta nas plataformas de \u00e1udio o single &#8220;Moda Praiana&#8221;, com clipe no YouTube. A faixa \u00e9 a quinta revelada do DVD Proibido, gravado em abril deste ano, em Goi\u00e2nia. Composta por Andr\u00e9 Bar\u00e3o, Denilson Mariano, Guga Capanema, Jo\u00e3o Augusto, Joy Alves e Matheus Di P\u00e1dua, a can\u00e7\u00e3o traz uma atmosfera leve e rom\u00e2ntica, ambientada pelo clima do litoral. O tema refor\u00e7a a variedade de estilos e narrativas que comp\u00f5em o repert\u00f3rio do projeto.<\/p>\n\n\n\n<figure class=\"wp-block-embed is-type-video is-provider-youtube wp-block-embed-youtube wp-embed-aspect-16-9 wp-has-aspect-ratio\"><div class=\"wp-block-embed__wrapper\">\n<iframe loading=\"lazy\" title=\"Anna Toledo - Moda Praiana (DVD Proibido)\" width=\"880\" height=\"495\" src=\"https:\/\/www.youtube.com\/embed\/wDJc7_0Jo6E?feature=oembed\" frameborder=\"0\" allow=\"accelerometer; autoplay; clipboard-write; encrypted-media; gyroscope; picture-in-picture; web-share\" referrerpolicy=\"strict-origin-when-cross-origin\" allowfullscreen><\/iframe>\n<\/div><\/figure>\n\n\n\n<p><strong>Dupoint<\/strong><\/p>\n\n\n\n<p>Preparados para viver uma nova era como banda, a Dupoint, acaba de estrear o audiovisual ac\u00fastico &#8220;Dupoint Sesh: Na Praia&#8221;. Gravado em um clima intimista em Camburi, litoral de S\u00e3o Paulo, o trabalho j\u00e1 est\u00e1 dispon\u00edvel e traz faixas do EP &#8220;Colapso Mental&#8221; e do \u00e1lbum &#8220;Simples Como Tem Que Ser&#8221;.<\/p>\n\n\n\n<figure class=\"wp-block-embed is-type-video is-provider-youtube wp-block-embed-youtube wp-embed-aspect-16-9 wp-has-aspect-ratio\"><div class=\"wp-block-embed__wrapper\">\n<iframe loading=\"lazy\" title=\"Dupoint Sesh: Na Praia\" width=\"880\" height=\"495\" src=\"https:\/\/www.youtube.com\/embed\/LBj-_BxjdSM?feature=oembed\" frameborder=\"0\" allow=\"accelerometer; autoplay; clipboard-write; encrypted-media; gyroscope; picture-in-picture; web-share\" referrerpolicy=\"strict-origin-when-cross-origin\" allowfullscreen><\/iframe>\n<\/div><\/figure>\n\n\n\n<p><strong>Rauana Monteiro<\/strong><\/p>\n\n\n\n<p>Dando sequ\u00eancia ao seu calend\u00e1rio de lan\u00e7amentos, a cantora e compositora Rauana Monteiro apresenta o single &#8220;Cansei de Ser Ficante&#8221;, em todas as plataformas de streaming. Composta por Rauana em parceria com Ravel Tavares, a faixa aborda os dilemas dos relacionamentos sem defini\u00e7\u00e3o, trazendo uma narrativa que expressa o desejo de assumir um compromisso mais profundo. O refr\u00e3o evidencia esse sentimento ao mostrar a frustra\u00e7\u00e3o e a vontade de ir al\u00e9m da rela\u00e7\u00e3o passageira. Veja <a href=\"https:\/\/umusicbrazil.lnk.to\/CanseiDeSerFicante\" target=\"_blank\" rel=\"noopener\">aqui<\/a>.<\/p>\n\n\n\n<p><strong>Tuta Guedes<\/strong><\/p>\n\n\n\n<p>Tuta Guedes lan\u00e7a single \u201cAutom\u00e1tico\u201d em parceria com Edson &amp; Hudson. Produzido por Hudson e composto por Renato Sousa, Vitoria Cadorini, Vitor Cadori, Lucas Ing e Matheus Costa, o clipe foi criado inteiramente por intelig\u00eancia artificial e mostra a cantora e a dupla em uma corrida de carros, com emo\u00e7\u00e3o e romantismo.<\/p>\n\n\n\n<p><strong>Yan<\/strong><\/p>\n\n\n\n<p>Fen\u00f4meno do pagode, Yan lan\u00e7a \u00e1lbum &#8220;Pagodyando nas Alturas, Vol. 2&#8221;. Gravado no Morro da Urca com ingressos esgotados, o projeto chega \u00e0s plataformas com participa\u00e7\u00f5es especiais e a estreia da rom\u00e2ntica &#8220;Text\u00e3o&#8221;<\/p>\n\n\n\n<p><strong>DANI K.<\/strong><\/p>\n\n\n\n<p>&#8220;Segura o Dend\u00ea&#8221; nasce como um hino de celebra\u00e7\u00e3o da cultura preta. O dend\u00ea, aqui, \u00e9 met\u00e1fora de tudo que \u00e9 quente, intenso e essencial \u2014 do tempero \u00e0 f\u00e9, da ginga ao ax\u00e9.&nbsp;<\/p>\n\n\n\n<p><strong>Kha Machado<\/strong><\/p>\n\n\n\n<p>Novo disco do cantor e compositor chega \u00e0s plataformas em 14 de setembro e marca uma fase madura, intensa e inspirada da carreira do criador da Rabeca Cultural&nbsp;<\/p>\n\n\n\n<p><strong>Bad Omens<\/strong><\/p>\n\n\n\n<p>A banda est\u00e1 de volta com &#8220;Impose&#8221;, um single que prova que a banda continua a desafiar os limites do rock moderno. Conhecida por fundir texturas industriais, floreios eletr\u00f4nicos e emo\u00e7\u00e3o implac\u00e1vel, a banda leva sua intensidade caracter\u00edstica a novas e ousadas dire\u00e7\u00f5es com este lan\u00e7amento.<\/p>\n\n\n\n<p><strong>NAVII Ent.<\/strong><\/p>\n\n\n\n<p>NAVII Ent. lan\u00e7a, nesta quinta-feira (11\/9), a faixa &#8220;Dom P\u00e9rignon&#8221;. Com participa\u00e7\u00f5es de Aklipe44 e Tlust, o single re\u00fane um time de peso de produtores musicais com DJ Smoke, JOTA, Franco The Sir, Matheus Muniz e Erick Di.<\/p>\n","protected":false},"excerpt":{"rendered":"<p>A segunda sexta-feira de setembro chega com novos lan\u00e7amentos musicais e audiovisuais pra voc\u00ea. O POP Mais selecionou quais foram os destaques pra gente nessa semana. Vem aproveitar pra atualizar a sua playlist com a gente!\u00a0 Demi Lovato Demi Lovato lan\u00e7ou nesta sexta-feira (12) seu novo single, Here All Night, trazendo uma sonoridade que mistura [&hellip;]<\/p>\n","protected":false},"author":1,"featured_media":251563,"comment_status":"closed","ping_status":"closed","sticky":false,"template":"","format":"standard","meta":{"footnotes":""},"categories":[2164,154],"tags":[237,18550,7732],"class_list":["post-251769","post","type-post","status-publish","format-standard","has-post-thumbnail","hentry","category-lancamentos","category-musica","tag-demi-lovato","tag-destaque","tag-lancamentos"],"_links":{"self":[{"href":"https:\/\/portalpopmais.com.br\/en\/wp-json\/wp\/v2\/posts\/251769","targetHints":{"allow":["GET"]}}],"collection":[{"href":"https:\/\/portalpopmais.com.br\/en\/wp-json\/wp\/v2\/posts"}],"about":[{"href":"https:\/\/portalpopmais.com.br\/en\/wp-json\/wp\/v2\/types\/post"}],"author":[{"embeddable":true,"href":"https:\/\/portalpopmais.com.br\/en\/wp-json\/wp\/v2\/users\/1"}],"replies":[{"embeddable":true,"href":"https:\/\/portalpopmais.com.br\/en\/wp-json\/wp\/v2\/comments?post=251769"}],"version-history":[{"count":0,"href":"https:\/\/portalpopmais.com.br\/en\/wp-json\/wp\/v2\/posts\/251769\/revisions"}],"wp:featuredmedia":[{"embeddable":true,"href":"https:\/\/portalpopmais.com.br\/en\/wp-json\/wp\/v2\/media\/251563"}],"wp:attachment":[{"href":"https:\/\/portalpopmais.com.br\/en\/wp-json\/wp\/v2\/media?parent=251769"}],"wp:term":[{"taxonomy":"category","embeddable":true,"href":"https:\/\/portalpopmais.com.br\/en\/wp-json\/wp\/v2\/categories?post=251769"},{"taxonomy":"post_tag","embeddable":true,"href":"https:\/\/portalpopmais.com.br\/en\/wp-json\/wp\/v2\/tags?post=251769"}],"curies":[{"name":"wp","href":"https:\/\/api.w.org\/{rel}","templated":true}]}}