{"id":263868,"date":"2025-09-17T08:04:31","date_gmt":"2025-09-17T11:04:31","guid":{"rendered":"https:\/\/portalpopmais.com.br\/?p=263868"},"modified":"2025-09-17T08:04:35","modified_gmt":"2025-09-17T11:04:35","slug":"neymar-bruna-brigando-sogra","status":"publish","type":"post","link":"https:\/\/portalpopmais.com.br\/en\/neymar-bruna-brigando-sogra\/","title":{"rendered":"Neymar enfrenta novo desgaste familiar ap\u00f3s chegada da sogra \u00e0 sua casa"},"content":{"rendered":"<p>O atacante <strong>Neymar Jr.<\/strong> vem enfrentando problemas fora dos gramados, desta vez relacionados \u00e0 vida pessoal e ao casamento com <strong>Bruna Biancardi<\/strong>, m\u00e3e de sua filha ca\u00e7ula, <strong>Mel<\/strong>, nascida em julho deste ano. <a href=\"https:\/\/portalpopmais.com.br\/en\/ancelotti-deixa-neymar-convocacao\/\">Fora da \u00faltima convoca\u00e7\u00e3o da Sele\u00e7\u00e3o Brasileira<\/a> para as Eliminat\u00f3rias da Copa do Mundo de 2026, o jogador do Santos teria se incomodado com a decis\u00e3o da sogra, <strong>Telma Fonseca<\/strong>, de passar uma temporada na casa da filha.<\/p>\n\n\n\n<h4 class=\"wp-block-heading\">Conflitos em fam\u00edlia<\/h4>\n\n\n\n<p>Dono de tr\u00eas mans\u00f5es em Santos, Neymar n\u00e3o teria gostado da presen\u00e7a constante da sogra e, para evitar atritos, estaria passando menos tempo no conv\u00edvio familiar. A situa\u00e7\u00e3o acabou refletindo tamb\u00e9m na rela\u00e7\u00e3o com <a href=\"https:\/\/www.instagram.com\/brunabiancardi\/?hl=pt-br\" target=\"_blank\" rel=\"noopener\">Bruna Biancardi<\/a>, que estaria vivendo um per\u00edodo de maior tens\u00e3o com o atleta.<\/p>\n\n\n\n<h4 class=\"wp-block-heading\">Decis\u00e3o de se afastar<\/h4>\n\n\n\n<p>Segundo pessoas pr\u00f3ximas ao casal, Neymar teria optado por se \u201cmudar\u201d para uma das outras casas que fazem parte de seu complexo de mans\u00f5es, mantendo certa dist\u00e2ncia para evitar rusgas com a sogra. A decis\u00e3o teria sido motivada por diverg\u00eancias relacionadas ao dia a dia da casa, j\u00e1 que Telma estaria tomando a frente em decis\u00f5es dom\u00e9sticas e dando ordens aos funcion\u00e1rios, o que n\u00e3o agradou o jogador.<\/p>\n\n\n\n<h4 class=\"wp-block-heading\">Rela\u00e7\u00e3o em turbul\u00eancia<\/h4>\n\n\n\n<p>As diverg\u00eancias teriam se estendido tamb\u00e9m para quest\u00f5es sobre a cria\u00e7\u00e3o das filhas <strong>Mavie<\/strong> e <strong>Mel<\/strong>, algo que vem gerando mais discuss\u00f5es entre o casal. A rela\u00e7\u00e3o de Neymar e Bruna, marcada por idas e vindas nos \u00faltimos quatro anos, j\u00e1 havia enfrentado desgastes anteriores devido a rumores de trai\u00e7\u00f5es. Agora, a conviv\u00eancia com a sogra parece ser mais um desafio para a estabilidade da uni\u00e3o.<\/p>\n\n\n\n<p>Al\u00e9m de Mel e Mavie, Neymar \u00e9 pai de <strong>Davi Lucca<\/strong> e <strong>Helena<\/strong>.<\/p>","protected":false},"excerpt":{"rendered":"<p>O atacante Neymar Jr. vem enfrentando problemas fora dos gramados, desta vez relacionados \u00e0 vida pessoal e ao casamento com Bruna Biancardi, m\u00e3e de sua filha ca\u00e7ula, Mel, nascida em julho deste ano. Fora da \u00faltima convoca\u00e7\u00e3o da Sele\u00e7\u00e3o Brasileira para as Eliminat\u00f3rias da Copa do Mundo de 2026, o jogador do Santos teria se [&hellip;]<\/p>\n","protected":false},"author":1,"featured_media":263869,"comment_status":"closed","ping_status":"closed","sticky":false,"template":"","format":"standard","meta":{"footnotes":""},"categories":[173],"tags":[13602,18550,728],"class_list":["post-263868","post","type-post","status-publish","format-standard","has-post-thumbnail","hentry","category-celebridades","tag-bruna-biancardi","tag-destaque","tag-neymar"],"_links":{"self":[{"href":"https:\/\/portalpopmais.com.br\/en\/wp-json\/wp\/v2\/posts\/263868","targetHints":{"allow":["GET"]}}],"collection":[{"href":"https:\/\/portalpopmais.com.br\/en\/wp-json\/wp\/v2\/posts"}],"about":[{"href":"https:\/\/portalpopmais.com.br\/en\/wp-json\/wp\/v2\/types\/post"}],"author":[{"embeddable":true,"href":"https:\/\/portalpopmais.com.br\/en\/wp-json\/wp\/v2\/users\/1"}],"replies":[{"embeddable":true,"href":"https:\/\/portalpopmais.com.br\/en\/wp-json\/wp\/v2\/comments?post=263868"}],"version-history":[{"count":0,"href":"https:\/\/portalpopmais.com.br\/en\/wp-json\/wp\/v2\/posts\/263868\/revisions"}],"wp:featuredmedia":[{"embeddable":true,"href":"https:\/\/portalpopmais.com.br\/en\/wp-json\/wp\/v2\/media\/263869"}],"wp:attachment":[{"href":"https:\/\/portalpopmais.com.br\/en\/wp-json\/wp\/v2\/media?parent=263868"}],"wp:term":[{"taxonomy":"category","embeddable":true,"href":"https:\/\/portalpopmais.com.br\/en\/wp-json\/wp\/v2\/categories?post=263868"},{"taxonomy":"post_tag","embeddable":true,"href":"https:\/\/portalpopmais.com.br\/en\/wp-json\/wp\/v2\/tags?post=263868"}],"curies":[{"name":"wp","href":"https:\/\/api.w.org\/{rel}","templated":true}]}}