{"id":264246,"date":"2025-09-17T21:43:46","date_gmt":"2025-09-18T00:43:46","guid":{"rendered":"https:\/\/portalpopmais.com.br\/?p=264246"},"modified":"2025-09-17T21:44:49","modified_gmt":"2025-09-18T00:44:49","slug":"apresentadora-confirma-namoro-dudu-camargo","status":"publish","type":"post","link":"https:\/\/portalpopmais.com.br\/en\/apresentadora-confirma-namoro-dudu-camargo\/","title":{"rendered":"&#8220;A Fazenda 17&#8221;: Apresentadora confirma namoro com Dudu Camargo e revela planos de ter um filho"},"content":{"rendered":"<p>A apresentadora Suyane Pessoa, da TV Meio Norte, revelou nesta quarta-feira (17) que est\u00e1 em um relacionamento com Dudu Camargo, atual participante de <em>A Fazenda 17<\/em>. A confirma\u00e7\u00e3o foi feita durante uma entrevista ao colunista Andr\u00e9 Moura, no <em>Programa da Tarde<\/em>.<\/p>\n\n\n\n<p>Segundo Suyane, o romance com o ex-apresentador do SBT come\u00e7ou de forma natural e ganhou for\u00e7a gra\u00e7as \u00e0 forte conex\u00e3o entre os dois.<\/p>\n\n\n\n<blockquote class=\"wp-block-quote is-layout-flow wp-block-quote-is-layout-flow\">\n<p>\u201cO Dudu entrou na minha vida de uma forma muito especial. Eu e ele temos uma afinidade muito grande\u201d, declarou.<\/p>\n<\/blockquote>\n\n\n\n<p>Conhecida por manter a vida pessoal longe dos holofotes, Suyane contou que decidiu abrir o cora\u00e7\u00e3o justamente por sentir que o relacionamento j\u00e1 \u00e9 s\u00f3lido e significativo.<\/p>\n\n\n\n<blockquote class=\"wp-block-quote is-layout-flow wp-block-quote-is-layout-flow\">\n<p>\u201cEu n\u00e3o gosto de falar da minha vida pessoal, mas a verdade \u00e9 que temos algo mais \u00edntimo\u201d, afirmou.<\/p>\n<\/blockquote>\n\n\n\n<h3 class=\"wp-block-heading\"><strong>Planos de aumentar a fam\u00edlia<\/strong><\/h3>\n\n\n\n<p>Durante a entrevista, a apresentadora surpreendeu ao revelar que o casal j\u00e1 conversa sobre a possibilidade de ter filhos. Segundo ela, os dois chegaram a procurar acompanhamento m\u00e9dico para planejar uma futura gravidez.<\/p>\n\n\n\n<blockquote class=\"wp-block-quote is-layout-flow wp-block-quote-is-layout-flow\">\n<p>\u201cRecentemente, eu demonstrei pra ele a minha vontade de ter outro filho e ele disse que tinha muita vontade de ser pai. N\u00f3s at\u00e9 planejamos ter um filho juntos e at\u00e9 chegamos a ir ao m\u00e9dico\u201d, contou.<\/p>\n<\/blockquote>\n\n\n\n<h3 class=\"wp-block-heading\"><strong>Torcida declarada em &#8220;A Fazenda 17&#8221;<\/strong><\/h3>\n\n\n\n<p>F\u00e3 confessa do reality, Suyane tamb\u00e9m demonstrou entusiasmo com a participa\u00e7\u00e3o de Dudu em <em>A Fazenda 17<\/em>. Para ela, o namorado se destaca por ser aut\u00eantico e fugir do \u201cpadr\u00e3o\u201d dos demais participantes.<\/p>\n\n\n\n<blockquote class=\"wp-block-quote is-layout-flow wp-block-quote-is-layout-flow\">\n<p>\u201c\u00c9 claro que estou na torcida e tenho certeza que ele vai ser o campe\u00e3o. Dudu \u00e9 dono de um carisma inigual\u00e1vel, \u00e9 inteligente, estrategista e est\u00e1 sendo um dos grandes pontos positivos do programa\u201d, elogiou.<\/p>\n<\/blockquote>","protected":false},"excerpt":{"rendered":"<p>A apresentadora Suyane Pessoa, da TV Meio Norte, revelou nesta quarta-feira (17) que est\u00e1 em um relacionamento com Dudu Camargo, atual participante de A Fazenda 17. A confirma\u00e7\u00e3o foi feita durante uma entrevista ao colunista Andr\u00e9 Moura, no Programa da Tarde. Segundo Suyane, o romance com o ex-apresentador do SBT come\u00e7ou de forma natural e [&hellip;]<\/p>\n","protected":false},"author":1,"featured_media":264247,"comment_status":"closed","ping_status":"closed","sticky":false,"template":"","format":"standard","meta":{"footnotes":""},"categories":[173],"tags":[18684,2211],"class_list":["post-264246","post","type-post","status-publish","format-standard","has-post-thumbnail","hentry","category-celebridades","tag-a-fazenda-17","tag-dudu-camargo"],"_links":{"self":[{"href":"https:\/\/portalpopmais.com.br\/en\/wp-json\/wp\/v2\/posts\/264246","targetHints":{"allow":["GET"]}}],"collection":[{"href":"https:\/\/portalpopmais.com.br\/en\/wp-json\/wp\/v2\/posts"}],"about":[{"href":"https:\/\/portalpopmais.com.br\/en\/wp-json\/wp\/v2\/types\/post"}],"author":[{"embeddable":true,"href":"https:\/\/portalpopmais.com.br\/en\/wp-json\/wp\/v2\/users\/1"}],"replies":[{"embeddable":true,"href":"https:\/\/portalpopmais.com.br\/en\/wp-json\/wp\/v2\/comments?post=264246"}],"version-history":[{"count":0,"href":"https:\/\/portalpopmais.com.br\/en\/wp-json\/wp\/v2\/posts\/264246\/revisions"}],"wp:featuredmedia":[{"embeddable":true,"href":"https:\/\/portalpopmais.com.br\/en\/wp-json\/wp\/v2\/media\/264247"}],"wp:attachment":[{"href":"https:\/\/portalpopmais.com.br\/en\/wp-json\/wp\/v2\/media?parent=264246"}],"wp:term":[{"taxonomy":"category","embeddable":true,"href":"https:\/\/portalpopmais.com.br\/en\/wp-json\/wp\/v2\/categories?post=264246"},{"taxonomy":"post_tag","embeddable":true,"href":"https:\/\/portalpopmais.com.br\/en\/wp-json\/wp\/v2\/tags?post=264246"}],"curies":[{"name":"wp","href":"https:\/\/api.w.org\/{rel}","templated":true}]}}