{"id":265250,"date":"2025-09-18T13:14:06","date_gmt":"2025-09-18T16:14:06","guid":{"rendered":"https:\/\/portalpopmais.com.br\/?p=265250"},"modified":"2025-09-18T13:14:50","modified_gmt":"2025-09-18T16:14:50","slug":"ivete-sangalo-curte-passeio-salvador","status":"publish","type":"post","link":"https:\/\/portalpopmais.com.br\/en\/ivete-sangalo-curte-passeio-salvador\/","title":{"rendered":"Ivete Sangalo passa despercebida e curte passeio sozinha em ponto tur\u00edstico de Salvador: &#8220;Gosto de andar&#8221;"},"content":{"rendered":"<p>Na \u00faltima quarta-feira (17), <strong><a href=\"https:\/\/portalpopmais.com.br\/en\/trends\/ivete-sangalo\/\" data-type=\"post_tag\" data-id=\"788\">Ivete Sangalo<\/a><\/strong>, de 52 anos, decidiu tirar um tempo s\u00f3 para si e passeou sozinha pela Pra\u00e7a do Campo Grande, um dos pontos tur\u00edsticos mais famosos de Salvador, na Bahia.<\/p>\n\n\n\n<p>Nas redes sociais, a cantora compartilhou o momento e explicou o motivo da escolha: <em>\u201c\u00c0s vezes eu saio assim sozinha, porque tudo o que eu fa\u00e7o tem que ter algu\u00e9m do lado. Gosto do povo que anda comigo, mas gosto de andar assim, \u00e0s vezes\u201d<\/em>, disse.<\/p>\n\n\n\n<figure class=\"wp-block-embed is-type-rich is-provider-twitter wp-block-embed-twitter\"><div class=\"wp-block-embed__wrapper\">\n<blockquote class=\"twitter-tweet\" data-width=\"550\" data-dnt=\"true\"><p lang=\"pt\" dir=\"ltr\">\ud83d\udea8VEJA: Disfar\u00e7ada, Ivete Sangalo caminhou sozinha em um bairro de Salvador, na Bahia. <a href=\"https:\/\/t.co\/ys6i22taZZ\">pic.twitter.com\/ys6i22taZZ<\/a><\/p>&mdash; CHOQUEI (@choquei) <a href=\"https:\/\/twitter.com\/choquei\/status\/1968501596540539282?ref_src=twsrc%5Etfw\" target=\"_blank\" rel=\"noopener\">September 18, 2025<\/a><\/blockquote><script async src=\"https:\/\/platform.twitter.com\/widgets.js\" charset=\"utf-8\"><\/script>\n<\/div><\/figure>\n\n\n\n<p>A pra\u00e7a fica pr\u00f3xima ao pr\u00e9dio de luxo onde Ivete mora com o marido, o nutricionista <strong><a href=\"http:\/\/instagram.com\/sitepopmais\" target=\"_blank\" rel=\"noopener\">Daniel Cady<\/a><\/strong>, e os filhos, Marcelinho, Marina e Helena. A cantora vive no local h\u00e1 quase 20 anos.<\/p>\n\n\n\n<p>Al\u00e9m do Campo Grande, Ivete tamb\u00e9m costuma aproveitar outros pontos tur\u00edsticos da cidade. Recentemente, ela foi flagrada mergulhando na Praia do Farol da Barra.<\/p>","protected":false},"excerpt":{"rendered":"<p>Na \u00faltima quarta-feira (17), Ivete Sangalo, de 52 anos, decidiu tirar um tempo s\u00f3 para si e passeou sozinha pela Pra\u00e7a do Campo Grande, um dos pontos tur\u00edsticos mais famosos de Salvador, na Bahia. Nas redes sociais, a cantora compartilhou o momento e explicou o motivo da escolha: \u201c\u00c0s vezes eu saio assim sozinha, porque [&hellip;]<\/p>\n","protected":false},"author":3,"featured_media":265254,"comment_status":"closed","ping_status":"closed","sticky":false,"template":"","format":"standard","meta":{"footnotes":""},"categories":[173],"tags":[],"class_list":["post-265250","post","type-post","status-publish","format-standard","has-post-thumbnail","hentry","category-celebridades"],"_links":{"self":[{"href":"https:\/\/portalpopmais.com.br\/en\/wp-json\/wp\/v2\/posts\/265250","targetHints":{"allow":["GET"]}}],"collection":[{"href":"https:\/\/portalpopmais.com.br\/en\/wp-json\/wp\/v2\/posts"}],"about":[{"href":"https:\/\/portalpopmais.com.br\/en\/wp-json\/wp\/v2\/types\/post"}],"author":[{"embeddable":true,"href":"https:\/\/portalpopmais.com.br\/en\/wp-json\/wp\/v2\/users\/3"}],"replies":[{"embeddable":true,"href":"https:\/\/portalpopmais.com.br\/en\/wp-json\/wp\/v2\/comments?post=265250"}],"version-history":[{"count":0,"href":"https:\/\/portalpopmais.com.br\/en\/wp-json\/wp\/v2\/posts\/265250\/revisions"}],"wp:featuredmedia":[{"embeddable":true,"href":"https:\/\/portalpopmais.com.br\/en\/wp-json\/wp\/v2\/media\/265254"}],"wp:attachment":[{"href":"https:\/\/portalpopmais.com.br\/en\/wp-json\/wp\/v2\/media?parent=265250"}],"wp:term":[{"taxonomy":"category","embeddable":true,"href":"https:\/\/portalpopmais.com.br\/en\/wp-json\/wp\/v2\/categories?post=265250"},{"taxonomy":"post_tag","embeddable":true,"href":"https:\/\/portalpopmais.com.br\/en\/wp-json\/wp\/v2\/tags?post=265250"}],"curies":[{"name":"wp","href":"https:\/\/api.w.org\/{rel}","templated":true}]}}