{"id":265566,"date":"2025-09-19T11:18:39","date_gmt":"2025-09-19T14:18:39","guid":{"rendered":"https:\/\/portalpopmais.com.br\/?p=265566"},"modified":"2025-09-19T11:19:13","modified_gmt":"2025-09-19T14:19:13","slug":"alvaro-comenta-noitada-com-lucas-leto-apos-flagra-de-beijos-me-lembro-de-tudo","status":"publish","type":"post","link":"https:\/\/portalpopmais.com.br\/en\/alvaro-comenta-noitada-com-lucas-leto-apos-flagra-de-beijos-me-lembro-de-tudo\/","title":{"rendered":"\u00c1lvaro comenta noitada com Lucas Leto ap\u00f3s flagra de beijos: \u201cMe lembro de tudo!\u201d"},"content":{"rendered":"<p>\u00c1lvaro surpreendeu os seguidores ao aparecer nos Stories do Instagram nesta sexta-feira (19), comentando com bom humor a repercuss\u00e3o de fotos suas aos beijos com Lucas Leto, seu colega de elenco no <strong>Dan\u00e7a dos Famosos<\/strong>. \u201cMenina, que cacha\u00e7a foi essa? Pelo amor de Deus! Acordei toda me tremendo. Que isso, gente! O pior \u00e9 que me lembro de tudo\u201d, disse ele, aos risos.<\/p>\n\n\n\n<figure class=\"wp-block-embed is-type-rich is-provider-twitter wp-block-embed-twitter\"><div class=\"wp-block-embed__wrapper\">\n<blockquote class=\"twitter-tweet\" data-width=\"550\" data-dnt=\"true\"><p lang=\"pt\" dir=\"ltr\">\ud83d\udea8VEJA: \u00c1lvaro e Lucas Leto s\u00e3o flagrados aos beijos em after da Dan\u00e7a dos Famosos. <a href=\"https:\/\/t.co\/SCIziKry3x\">pic.twitter.com\/SCIziKry3x<\/a><\/p>&mdash; CHOQUEI (@choquei) <a href=\"https:\/\/twitter.com\/choquei\/status\/1968995796193312774?ref_src=twsrc%5Etfw\" target=\"_blank\" rel=\"noopener\">September 19, 2025<\/a><\/blockquote><script async src=\"https:\/\/platform.twitter.com\/widgets.js\" charset=\"utf-8\"><\/script>\n<\/div><\/figure>\n\n\n\n<p>A dupla curtiu a noite anterior em um quiosque na Praia da Barra da Tijuca, na Zona Oeste do Rio de Janeiro, acompanhados de outros participantes do quadro do <strong>Doming\u00e3o com Huck<\/strong>. Entre os presentes estavam <strong>Wanessa Camargo<\/strong> e <strong>Allan Souza Lima<\/strong> \u2014 que tamb\u00e9m chamaram aten\u00e7\u00e3o por demonstra\u00e7\u00f5es de carinho e deixaram o local juntos \u2014 al\u00e9m de <strong>Nicole Bahls<\/strong> e <strong>Fernanda Paes Leme<\/strong>.<\/p>\n\n\n\n<p>Os encontros entre os participantes fora dos est\u00fadios t\u00eam se tornado frequentes durante as grava\u00e7\u00f5es da competi\u00e7\u00e3o. Poucas horas antes da noitada, \u00c1lvaro e Lucas j\u00e1 haviam passado parte do dia juntos. O influenciador compartilhou uma foto ao lado do ator nos Est\u00fadios Globo, com a legenda: <em>\u201cmeu global favorito\u201d<\/em>. Mais tarde, foi a vez de Lucas postar uma imagem de \u00c1lvaro tirando um cochilo no sof\u00e1, comentando com carinho: <em>\u201cBem dengosinho\u201d<\/em>.<\/p>\n\n\n\n<p>O clima descontra\u00eddo entre os colegas tem conquistado o p\u00fablico, que acompanha cada passo do elenco nas redes sociais com entusiasmo.<\/p>","protected":false},"excerpt":{"rendered":"<p>\u00c1lvaro surpreendeu os seguidores ao aparecer nos Stories do Instagram nesta sexta-feira (19), comentando com bom humor a repercuss\u00e3o de fotos suas aos beijos com Lucas Leto, seu colega de elenco no Dan\u00e7a dos Famosos. \u201cMenina, que cacha\u00e7a foi essa? Pelo amor de Deus! Acordei toda me tremendo. Que isso, gente! O pior \u00e9 que [&hellip;]<\/p>\n","protected":false},"author":1,"featured_media":265459,"comment_status":"closed","ping_status":"closed","sticky":false,"template":"","format":"standard","meta":{"footnotes":""},"categories":[173],"tags":[12742,11585],"class_list":["post-265566","post","type-post","status-publish","format-standard","has-post-thumbnail","hentry","category-celebridades","tag-alvaro","tag-lucas-leto"],"_links":{"self":[{"href":"https:\/\/portalpopmais.com.br\/en\/wp-json\/wp\/v2\/posts\/265566","targetHints":{"allow":["GET"]}}],"collection":[{"href":"https:\/\/portalpopmais.com.br\/en\/wp-json\/wp\/v2\/posts"}],"about":[{"href":"https:\/\/portalpopmais.com.br\/en\/wp-json\/wp\/v2\/types\/post"}],"author":[{"embeddable":true,"href":"https:\/\/portalpopmais.com.br\/en\/wp-json\/wp\/v2\/users\/1"}],"replies":[{"embeddable":true,"href":"https:\/\/portalpopmais.com.br\/en\/wp-json\/wp\/v2\/comments?post=265566"}],"version-history":[{"count":0,"href":"https:\/\/portalpopmais.com.br\/en\/wp-json\/wp\/v2\/posts\/265566\/revisions"}],"wp:featuredmedia":[{"embeddable":true,"href":"https:\/\/portalpopmais.com.br\/en\/wp-json\/wp\/v2\/media\/265459"}],"wp:attachment":[{"href":"https:\/\/portalpopmais.com.br\/en\/wp-json\/wp\/v2\/media?parent=265566"}],"wp:term":[{"taxonomy":"category","embeddable":true,"href":"https:\/\/portalpopmais.com.br\/en\/wp-json\/wp\/v2\/categories?post=265566"},{"taxonomy":"post_tag","embeddable":true,"href":"https:\/\/portalpopmais.com.br\/en\/wp-json\/wp\/v2\/tags?post=265566"}],"curies":[{"name":"wp","href":"https:\/\/api.w.org\/{rel}","templated":true}]}}