{"id":265914,"date":"2025-09-21T08:44:38","date_gmt":"2025-09-21T11:44:38","guid":{"rendered":"https:\/\/portalpopmais.com.br\/?p=265914"},"modified":"2025-09-21T08:46:04","modified_gmt":"2025-09-21T11:46:04","slug":"salario-adriane-galisteu-a-fazenda-17","status":"publish","type":"post","link":"https:\/\/portalpopmais.com.br\/en\/salario-adriane-galisteu-a-fazenda-17\/","title":{"rendered":"Quanto ganha Adriane Galisteu para apresentar \u2018A Fazenda 17\u2019? Confira"},"content":{"rendered":"<p class=\"wp-block-paragraph\">No ar desde 2009, <em><a href=\"https:\/\/portalpopmais.com.br\/en\/trends\/a-fazenda-17\/\" data-type=\"post_tag\" data-id=\"18684\">A Fazenda<\/a><\/em> se consolidou como um dos realities mais populares da televis\u00e3o brasileira. Em sua 17\u00aa edi\u00e7\u00e3o, que estreou no dia 15 de setembro de 2025 e tem final marcada para 11 de dezembro, o programa segue conquistando milh\u00f5es de telespectadores todas as noites. No centro dessa audi\u00eancia est\u00e1 Adriane Galisteu, que pelo terceiro ano consecutivo comanda a atra\u00e7\u00e3o na Record TV.<\/p>\n\n\n\n<p class=\"wp-block-paragraph\">Reconhecida por sua longa trajet\u00f3ria na televis\u00e3o e por seu carisma diante das c\u00e2meras, Galisteu recebe um sal\u00e1rio fixo de aproximadamente <strong>R$ 200 mil por m\u00eas<\/strong> para apresentar o reality. O valor reflete n\u00e3o apenas sua experi\u00eancia, mas tamb\u00e9m sua capacidade de conduzir um programa repleto de conflitos, emo\u00e7\u00f5es intensas e grande visibilidade.<\/p>\n\n\n<div class=\"wp-block-image\">\n<figure class=\"aligncenter size-large\"><img loading=\"lazy\" decoding=\"async\" width=\"1170\" height=\"694\" src=\"https:\/\/portalpopmais.com.br\/wp-content\/uploads\/2022\/09\/72C6EF1F-0C55-4AEC-9B12-3A48953BBF1B-1170x694.jpeg\" alt=\"\" class=\"wp-image-138667\" title=\"\" srcset=\"https:\/\/portalpopmais.com.br\/wp-content\/uploads\/2022\/09\/72C6EF1F-0C55-4AEC-9B12-3A48953BBF1B-1170x694.jpeg 1170w, https:\/\/portalpopmais.com.br\/wp-content\/uploads\/2022\/09\/72C6EF1F-0C55-4AEC-9B12-3A48953BBF1B-768x456.jpeg 768w\" sizes=\"auto, (max-width: 1170px) 100vw, 1170px\" \/><figcaption class=\"wp-element-caption\">Foto: Reprodu\u00e7\u00e3o\/Record TV <\/figcaption><\/figure>\n<\/div>\n\n\n<h3 class=\"wp-block-heading\">Muito al\u00e9m do sal\u00e1rio<\/h3>\n\n\n\n<p class=\"wp-block-paragraph\">Mas os rendimentos de Adriane Galisteu v\u00e3o muito al\u00e9m do contrato com a emissora. A visibilidade proporcionada por <em>A Fazenda<\/em> abre espa\u00e7o para contratos publicit\u00e1rios e a\u00e7\u00f5es comerciais que multiplicam seus ganhos mensais. Com campanhas vinculadas a marcas patrocinadoras do reality e participa\u00e7\u00f5es em campanhas nas redes sociais, os rendimentos da apresentadora durante a temporada do programa podem ultrapassar <strong>R$ 800 mil por m\u00eas<\/strong>.<\/p>\n\n\n\n<p class=\"wp-block-paragraph\">Essa valoriza\u00e7\u00e3o evidencia o peso da apresentadora dentro do formato. A Record TV enxerga em Galisteu uma pe\u00e7a-chave para manter os altos \u00edndices de audi\u00eancia e garantir o interesse de anunciantes, patrocinadores e do p\u00fablico \u2014 especialmente nas redes sociais, onde a apresentadora tamb\u00e9m exerce forte influ\u00eancia.<\/p>\n\n\n\n<h3 class=\"wp-block-heading\">Experi\u00eancia, carisma e presen\u00e7a digital<\/h3>\n\n\n\n<p class=\"wp-block-paragraph\">Ao longo da carreira, Adriane Galisteu demonstrou versatilidade ao transitar entre diferentes formatos e emissoras, sempre mantendo relev\u00e2ncia no meio televisivo. Sua habilidade de se reinventar e sua forte presen\u00e7a digital a tornam uma das profissionais mais completas do entretenimento brasileiro atual.<\/p>\n\n\n\n<p class=\"wp-block-paragraph\">Nas redes sociais, Galisteu amplia o alcance de <em>A Fazenda<\/em>, engajando o p\u00fablico em tempo real e tornando-se uma figura central nas discuss\u00f5es e repercuss\u00f5es do reality.<\/p>\n\n\n\n<h3 class=\"wp-block-heading\">Um rosto que movimenta a m\u00eddia<\/h3>\n\n\n\n<p class=\"wp-block-paragraph\">Al\u00e9m do sucesso financeiro, \u00e9 ineg\u00e1vel o impacto cultural e midi\u00e1tico de <em>A Fazenda<\/em> no Brasil. O programa movimenta debates, alimenta memes, gera tend\u00eancias e ocupa espa\u00e7o constante na imprensa e nas redes \u2014 com Adriane Galisteu no centro de toda essa movimenta\u00e7\u00e3o como mediadora dos principais acontecimentos da casa.<\/p>\n\n\n\n<h3 class=\"wp-block-heading\">Presen\u00e7a indispens\u00e1vel no entretenimento<\/h3>\n\n\n\n<p class=\"wp-block-paragraph\">A soma entre sal\u00e1rio fixo, contratos publicit\u00e1rios e protagonismo no comando do programa confirma: Adriane Galisteu \u00e9 hoje uma das figuras mais influentes da televis\u00e3o brasileira. Seu trabalho \u00e0 frente de <em>A Fazenda 17<\/em> n\u00e3o s\u00f3 consolida sua carreira como garante sua posi\u00e7\u00e3o de destaque no cen\u00e1rio do entretenimento nacional.<\/p>","protected":false},"excerpt":{"rendered":"<p>No ar desde 2009, A Fazenda se consolidou como um dos realities mais populares da televis\u00e3o brasileira. Em sua 17\u00aa edi\u00e7\u00e3o, que estreou no dia 15 de setembro de 2025 e tem final marcada para 11 de dezembro, o programa segue conquistando milh\u00f5es de telespectadores todas as noites. No centro dessa audi\u00eancia est\u00e1 Adriane Galisteu, [&hellip;]<\/p>\n","protected":false},"author":2,"featured_media":263876,"comment_status":"closed","ping_status":"closed","sticky":false,"template":"","format":"standard","meta":{"footnotes":""},"categories":[181],"tags":[18684,8712,18550],"class_list":["post-265914","post","type-post","status-publish","format-standard","has-post-thumbnail","hentry","category-televisao","tag-a-fazenda-17","tag-adriane-galisteu","tag-destaque"],"_links":{"self":[{"href":"https:\/\/portalpopmais.com.br\/en\/wp-json\/wp\/v2\/posts\/265914","targetHints":{"allow":["GET"]}}],"collection":[{"href":"https:\/\/portalpopmais.com.br\/en\/wp-json\/wp\/v2\/posts"}],"about":[{"href":"https:\/\/portalpopmais.com.br\/en\/wp-json\/wp\/v2\/types\/post"}],"author":[{"embeddable":true,"href":"https:\/\/portalpopmais.com.br\/en\/wp-json\/wp\/v2\/users\/2"}],"replies":[{"embeddable":true,"href":"https:\/\/portalpopmais.com.br\/en\/wp-json\/wp\/v2\/comments?post=265914"}],"version-history":[{"count":0,"href":"https:\/\/portalpopmais.com.br\/en\/wp-json\/wp\/v2\/posts\/265914\/revisions"}],"wp:featuredmedia":[{"embeddable":true,"href":"https:\/\/portalpopmais.com.br\/en\/wp-json\/wp\/v2\/media\/263876"}],"wp:attachment":[{"href":"https:\/\/portalpopmais.com.br\/en\/wp-json\/wp\/v2\/media?parent=265914"}],"wp:term":[{"taxonomy":"category","embeddable":true,"href":"https:\/\/portalpopmais.com.br\/en\/wp-json\/wp\/v2\/categories?post=265914"},{"taxonomy":"post_tag","embeddable":true,"href":"https:\/\/portalpopmais.com.br\/en\/wp-json\/wp\/v2\/tags?post=265914"}],"curies":[{"name":"wp","href":"https:\/\/api.w.org\/{rel}","templated":true}]}}