{"id":266065,"date":"2025-09-22T09:17:14","date_gmt":"2025-09-22T12:17:14","guid":{"rendered":"https:\/\/portalpopmais.com.br\/?p=266065"},"modified":"2025-09-22T09:17:28","modified_gmt":"2025-09-22T12:17:28","slug":"alvaro-e-allan-souza-lima-se-beijam-nos-bastidores-do-quadro-danca-dos-famosos","status":"publish","type":"post","link":"https:\/\/portalpopmais.com.br\/en\/alvaro-e-allan-souza-lima-se-beijam-nos-bastidores-do-quadro-danca-dos-famosos\/","title":{"rendered":"\u00c1lvaro e Allan Souza Lima se beijam nos bastidores do quadro &#8216;Dan\u00e7a dos Famosos&#8217;"},"content":{"rendered":"<p>Os bastidores do <em>Dan\u00e7a dos Famosos<\/em> andam mais movimentados que as pr\u00f3prias apresenta\u00e7\u00f5es no palco do <em>Doming\u00e3o<\/em>. Prova disso foi o beijo trocado entre o influenciador \u00c1lvaro Xaro e o ator Allan Souza Lima, registrado em v\u00eddeo e publicado no Instagram do influenciador.<\/p>\n\n\n\n<p>Nas imagens, \u00c1lvaro aparece conversando com seguidores enquanto se prepara nos Est\u00fadios Globo. Em meio \u00e0s intera\u00e7\u00f5es com os colegas de elenco, Allan entra no camarim e provoca: \u201cBeijo t\u00e9cnico\u201d. A partir da\u00ed, o papo evolui para provoca\u00e7\u00f5es divertidas at\u00e9 que o beijo acontece, arrancando risadas e coment\u00e1rios. Em tom de brincadeira, \u00c1lvaro disparou logo depois: \u201cEstou namorando\u201d.<\/p>\n\n\n\n<figure class=\"wp-block-embed is-type-rich is-provider-twitter wp-block-embed-twitter\"><div class=\"wp-block-embed__wrapper\">\n<blockquote class=\"twitter-tweet\" data-width=\"550\" data-dnt=\"true\"><p lang=\"pt\" dir=\"ltr\">Vai faltar o Alvaro beijar s\u00f3 o Luciano Huck <a href=\"https:\/\/t.co\/ZaQNSPDzn4\">pic.twitter.com\/ZaQNSPDzn4<\/a><\/p>&mdash; Vai Desmaiar (@vaidesmaiar) <a href=\"https:\/\/twitter.com\/vaidesmaiar\/status\/1969918802386116829?ref_src=twsrc%5Etfw\" target=\"_blank\" rel=\"noopener\">September 22, 2025<\/a><\/blockquote><script async src=\"https:\/\/platform.twitter.com\/widgets.js\" charset=\"utf-8\"><\/script>\n<\/div><\/figure>\n\n\n\n<p>O registro caiu rapidamente nas redes sociais, onde f\u00e3s e curiosos passaram a especular sobre poss\u00edveis romances dentro da atra\u00e7\u00e3o. Vale lembrar que, na semana anterior, <a href=\"https:\/\/portalpopmais.com.br\/en\/alvaro-e-lucas-leto-se-beijam-em-quiosque-no-rio\/\"><strong>\u00c1lvaro j\u00e1 havia sido visto aos beijos com o ator Lucas Leto<\/strong><\/a> em um quiosque em Copacabana, epis\u00f3dio que tamb\u00e9m repercutiu bastante.<\/p>\n\n\n\n<p>Essa troca de carinhos e provoca\u00e7\u00f5es se soma ao clima de confraterniza\u00e7\u00e3o que tomou conta do atual elenco do quadro. Os participantes t\u00eam se encontrado regularmente no Rio de Janeiro, em encontros que rendem resenhas, risadas e, claro, muitas fofocas. Foi em um desses encontros, por exemplo, que surgiu a not\u00edcia de um suposto affair entre <strong><a href=\"https:\/\/portalpopmais.com.br\/en\/clima-de-romance-wanessa-camargo-curte-noite-agarradinha-com-allan-souza\/\">Wanessa Camargo e Allan Souza Lima<\/a><\/strong>.<\/p>\n\n\n\n<p>A pr\u00f3pria Wanessa chegou a brincar sobre a fase animada dos bastidores: \u201cEu s\u00f3 estou no <em>Dan\u00e7a<\/em> por causa do after. Eu descobri que estou amando mais o after que o programa\u201d, disse a cantora, filmada em uma das reuni\u00f5es. Oficialmente, no entanto, ela garantiu estar solteira, ap\u00f3s o fim do relacionamento com Dado Dolabella.<\/p>\n\n\n\n<p>Enquanto isso, o p\u00fablico segue acompanhando n\u00e3o apenas os passos de dan\u00e7a no palco, mas tamb\u00e9m as hist\u00f3rias paralelas que t\u00eam transformado os bastidores do <em>Dan\u00e7a dos Famosos<\/em> em uma verdadeira novela dentro do <em>Doming\u00e3o<\/em>.<\/p>","protected":false},"excerpt":{"rendered":"<p>Durante desfile como rainha de bateria da Grande Rio, influenciadora tamb\u00e9m falou sobre viagens a Madri<\/p>","protected":false},"author":38,"featured_media":266085,"comment_status":"closed","ping_status":"closed","sticky":false,"template":"","format":"standard","meta":{"footnotes":""},"categories":[173],"tags":[18693,12742,9486],"class_list":["post-266065","post","type-post","status-publish","format-standard","has-post-thumbnail","hentry","category-celebridades","tag-allan-souza-lima","tag-alvaro","tag-danca-dos-famosos"],"_links":{"self":[{"href":"https:\/\/portalpopmais.com.br\/en\/wp-json\/wp\/v2\/posts\/266065","targetHints":{"allow":["GET"]}}],"collection":[{"href":"https:\/\/portalpopmais.com.br\/en\/wp-json\/wp\/v2\/posts"}],"about":[{"href":"https:\/\/portalpopmais.com.br\/en\/wp-json\/wp\/v2\/types\/post"}],"author":[{"embeddable":true,"href":"https:\/\/portalpopmais.com.br\/en\/wp-json\/wp\/v2\/users\/38"}],"replies":[{"embeddable":true,"href":"https:\/\/portalpopmais.com.br\/en\/wp-json\/wp\/v2\/comments?post=266065"}],"version-history":[{"count":0,"href":"https:\/\/portalpopmais.com.br\/en\/wp-json\/wp\/v2\/posts\/266065\/revisions"}],"wp:featuredmedia":[{"embeddable":true,"href":"https:\/\/portalpopmais.com.br\/en\/wp-json\/wp\/v2\/media\/266085"}],"wp:attachment":[{"href":"https:\/\/portalpopmais.com.br\/en\/wp-json\/wp\/v2\/media?parent=266065"}],"wp:term":[{"taxonomy":"category","embeddable":true,"href":"https:\/\/portalpopmais.com.br\/en\/wp-json\/wp\/v2\/categories?post=266065"},{"taxonomy":"post_tag","embeddable":true,"href":"https:\/\/portalpopmais.com.br\/en\/wp-json\/wp\/v2\/tags?post=266065"}],"curies":[{"name":"wp","href":"https:\/\/api.w.org\/{rel}","templated":true}]}}