{"id":266327,"date":"2025-09-22T15:07:14","date_gmt":"2025-09-22T18:07:14","guid":{"rendered":"https:\/\/portalpopmais.com.br\/?p=266327"},"modified":"2025-09-22T15:07:17","modified_gmt":"2025-09-22T18:07:17","slug":"virginia-fonseca-comenta-ligacao-para-neymar-de-madrugada","status":"publish","type":"post","link":"https:\/\/portalpopmais.com.br\/en\/virginia-fonseca-comenta-ligacao-para-neymar-de-madrugada\/","title":{"rendered":"Virginia Fonseca comenta liga\u00e7\u00e3o para Neymar de madrugada: &#8220;Percebi que tinha vacilado&#8221;"},"content":{"rendered":"<p>A influenciadora <strong><a href=\"https:\/\/portalpopmais.com.br\/en\/trends\/virginia-fonseca\/\" data-type=\"post_tag\" data-id=\"7653\">Virginia Fonseca<\/a><\/strong>, de 26 anos, revelou ter ligado para Neymar, de 33, durante a madrugada para tratar de assuntos relacionados ao leil\u00e3o beneficente organizado pelo instituto do jogador. O epis\u00f3dio gerou inc\u00f4modo em Bruna Biancardi, esposa do atleta, e levou Virginia a reconhecer o deslize.<\/p>\n\n\n\n<p>Em entrevista ao jornalista Leo Dias, a <a href=\"http:\/\/instagram.com\/sitepopmais\" target=\"_blank\" rel=\"noopener\">influenciadora<\/a> explicou que havia recebido um pedido da assessoria de Neymar sobre sua participa\u00e7\u00e3o no evento. Ap\u00f3s retornar de uma festa, decidiu ligar diretamente para o jogador, sem imaginar a repercuss\u00e3o.<\/p>\n\n\n\n<p>\u201cSem no\u00e7\u00e3o, liguei para ele de madrugada para falar sobre o leil\u00e3o. Logo depois, a Bruna me mandou mensagem pedindo que eu ligasse para o celular dela. Foi a\u00ed que percebi que tinha vacilado\u201d, contou.<\/p>\n\n\n\n<p>Virginia afirmou ainda que se desculpou com o casal e destacou que a situa\u00e7\u00e3o foi resolvida no dia seguinte. \u201cSempre tive o costume de mandar mensagem ou ligar de madrugada, mas reconhe\u00e7o que \u00e9 um erro, porque tem gente que realmente n\u00e3o gosta. Dessa vez aprendi e pedi desculpas mesmo\u201d, disse.<\/p>\n\n\n\n<p>Em agosto, a influenciadora j\u00e1 havia comentado o assunto, esclarecendo que a liga\u00e7\u00e3o n\u00e3o tinha rela\u00e7\u00e3o com quest\u00f5es pessoais, mas sim profissionais.<\/p>\n\n\n\n<p>Atualmente solteira, Virginia se separou de Z\u00e9 Felipe em maio deste ano. Os dois s\u00e3o pais de tr\u00eas filhos: Maria Alice, Maria Flor e Jos\u00e9 Leonardo.<\/p>","protected":false},"excerpt":{"rendered":"<p>A influenciadora Virginia Fonseca, de 26 anos, revelou ter ligado para Neymar, de 33, durante a madrugada para tratar de assuntos relacionados ao leil\u00e3o beneficente organizado pelo instituto do jogador. O epis\u00f3dio gerou inc\u00f4modo em Bruna Biancardi, esposa do atleta, e levou Virginia a reconhecer o deslize. Em entrevista ao jornalista Leo Dias, a influenciadora [&hellip;]<\/p>\n","protected":false},"author":1,"featured_media":247751,"comment_status":"closed","ping_status":"closed","sticky":false,"template":"","format":"standard","meta":{"footnotes":""},"categories":[173],"tags":[18550,728,13786],"class_list":["post-266327","post","type-post","status-publish","format-standard","has-post-thumbnail","hentry","category-celebridades","tag-destaque","tag-neymar","tag-virginia-2"],"_links":{"self":[{"href":"https:\/\/portalpopmais.com.br\/en\/wp-json\/wp\/v2\/posts\/266327","targetHints":{"allow":["GET"]}}],"collection":[{"href":"https:\/\/portalpopmais.com.br\/en\/wp-json\/wp\/v2\/posts"}],"about":[{"href":"https:\/\/portalpopmais.com.br\/en\/wp-json\/wp\/v2\/types\/post"}],"author":[{"embeddable":true,"href":"https:\/\/portalpopmais.com.br\/en\/wp-json\/wp\/v2\/users\/1"}],"replies":[{"embeddable":true,"href":"https:\/\/portalpopmais.com.br\/en\/wp-json\/wp\/v2\/comments?post=266327"}],"version-history":[{"count":0,"href":"https:\/\/portalpopmais.com.br\/en\/wp-json\/wp\/v2\/posts\/266327\/revisions"}],"wp:featuredmedia":[{"embeddable":true,"href":"https:\/\/portalpopmais.com.br\/en\/wp-json\/wp\/v2\/media\/247751"}],"wp:attachment":[{"href":"https:\/\/portalpopmais.com.br\/en\/wp-json\/wp\/v2\/media?parent=266327"}],"wp:term":[{"taxonomy":"category","embeddable":true,"href":"https:\/\/portalpopmais.com.br\/en\/wp-json\/wp\/v2\/categories?post=266327"},{"taxonomy":"post_tag","embeddable":true,"href":"https:\/\/portalpopmais.com.br\/en\/wp-json\/wp\/v2\/tags?post=266327"}],"curies":[{"name":"wp","href":"https:\/\/api.w.org\/{rel}","templated":true}]}}