{"id":267135,"date":"2025-09-25T08:31:10","date_gmt":"2025-09-25T11:31:10","guid":{"rendered":"https:\/\/portalpopmais.com.br\/?p=267135"},"modified":"2025-09-25T08:39:22","modified_gmt":"2025-09-25T11:39:22","slug":"cena-da-morte-de-odete-roitman-e-gravada-no-copacabana-palace-veja-imagens","status":"publish","type":"post","link":"https:\/\/portalpopmais.com.br\/en\/cena-da-morte-de-odete-roitman-e-gravada-no-copacabana-palace-veja-imagens\/","title":{"rendered":"Cena da morte de Odete Roitman \u00e9 gravada no Copacabana Palace; veja imagens"},"content":{"rendered":"<p>A reta final do remake de <em>Vale Tudo<\/em> come\u00e7ou a ganhar contornos decisivos na noite desta quarta-feira (24), quando a produ\u00e7\u00e3o gravou, no ic\u00f4nico Copacabana Palace, zona sul do Rio, a aguardada cena da morte de Odete Roitman, personagem interpretada por D\u00e9bora Bloch. O epis\u00f3dio, um dos mais emblem\u00e1ticos da teledramaturgia brasileira, promete repetir o impacto da vers\u00e3o original exibida nos anos 1980.<\/p>\n\n\n\n<p>Nos cap\u00edtulos finais, Odete \u00e9 alvo de um atentado enquanto dirige pelas ruas do Rio de Janeiro, pouco depois de oficializar o casamento com C\u00e9sar Ribeiro, vivido por Cau\u00e3 Reymond, que descobre ter herdado metade da companhia a\u00e9rea TCA. A identidade de quem dispara contra a vil\u00e3 permanece em segredo, alimentando a expectativa sobre o desfecho da hist\u00f3ria.<\/p>\n\n\n\n<figure class=\"wp-block-embed is-type-rich is-provider-twitter wp-block-embed-twitter\"><div class=\"wp-block-embed__wrapper\">\n<blockquote class=\"twitter-tweet\" data-width=\"550\" data-dnt=\"true\"><p lang=\"pt\" dir=\"ltr\">Imagens exclusivas das grava\u00e7\u00f5es da Morte de Odete Roitman de <a href=\"https:\/\/twitter.com\/hashtag\/ValeTudo?src=hash&amp;ref_src=twsrc%5Etfw\" target=\"_blank\" rel=\"noopener\">#ValeTudo<\/a>  no Copacabana Palace, nas imagens aparece o corpo da bilionaria dentro de um saco preto, sendo carregada pela equipe do corpo de bombeiros.  N\u00e3o estou preparado pra morte da loba <br><br>Via: <a href=\"https:\/\/twitter.com\/quem?ref_src=twsrc%5Etfw\" target=\"_blank\" rel=\"noopener\">@quem<\/a> . <a href=\"https:\/\/t.co\/CCcXI5mdwz\">pic.twitter.com\/CCcXI5mdwz<\/a><\/p>&mdash; Vin\u00edcius Yuudai (@viniciusyuudai) <a href=\"https:\/\/twitter.com\/viniciusyuudai\/status\/1971041176947179944?ref_src=twsrc%5Etfw\" target=\"_blank\" rel=\"noopener\">September 25, 2025<\/a><\/blockquote><script async src=\"https:\/\/platform.twitter.com\/widgets.js\" charset=\"utf-8\"><\/script>\n<\/div><\/figure>\n\n\n\n<p>A identidade de quem atira permanecer\u00e1 um mist\u00e9rio at\u00e9 os \u00faltimos cap\u00edtulos, e a lista de suspeitos promete acirrar a curiosidade do p\u00fablico. Entre os nomes cotados est\u00e3o Maria de F\u00e1tima (Bella Campos) e Ana Clara (Samantha Jones), que decidir\u00e3o unir for\u00e7as ao descobrirem que Leonardo Roitman (Guilherme Magon), filho de Odete dado como morto em um acidente, est\u00e1 vivo. A possibilidade de ter acesso \u00e0 fortuna da magnata far\u00e1 com que as duas cogitem a morte dela como solu\u00e7\u00e3o.<\/p>\n\n\n\n<figure class=\"wp-block-embed is-type-rich is-provider-twitter wp-block-embed-twitter\"><div class=\"wp-block-embed__wrapper\">\n<blockquote class=\"twitter-tweet\" data-width=\"550\" data-dnt=\"true\"><p lang=\"pt\" dir=\"ltr\">Confira o momento em que o corpo de Odete Roitman \u00e9 levado pela ambul\u00e2ncia durante as grava\u00e7\u00f5es de \u201cVale Tudo\u201d hoje. <a href=\"https:\/\/t.co\/r1GML1nY1p\">pic.twitter.com\/r1GML1nY1p<\/a><\/p>&mdash; poponze (@poponze) <a href=\"https:\/\/twitter.com\/poponze\/status\/1971042685743173655?ref_src=twsrc%5Etfw\" target=\"_blank\" rel=\"noopener\">September 25, 2025<\/a><\/blockquote><script async src=\"https:\/\/platform.twitter.com\/widgets.js\" charset=\"utf-8\"><\/script>\n<\/div><\/figure>\n\n\n\n<p>Outro personagem que entra no radar \u00e9 Marco Aur\u00e9lio (Alexandre Nero). Dias antes do atentado, ele desabafar\u00e1 com Leila (Carolina Dieckmann) sobre sua indigna\u00e7\u00e3o com as atitudes de Odete. A tens\u00e3o aumentar\u00e1 quando Leila encontrar uma arma entre os pertences do marido.<\/p>\n\n\n\n<p><em>Vale Tudo<\/em> chega ao fim em outubro e ser\u00e1 substitu\u00edda pela novela <em>Tr\u00eas Gra\u00e7as<\/em> no hor\u00e1rio das 21h. A expectativa \u00e9 que a sequ\u00eancia envolvendo Odete Roitman se torne um dos pontos altos da produ\u00e7\u00e3o e mantenha vivo o legado do cl\u00e1ssico da teledramaturgia brasileira.<\/p>","protected":false},"excerpt":{"rendered":"<p>Sequ\u00eancia decisiva do remake de Vale Tudo marca reta final da novela, que termina em outubro na Globo<\/p>","protected":false},"author":38,"featured_media":251215,"comment_status":"closed","ping_status":"closed","sticky":false,"template":"","format":"standard","meta":{"footnotes":""},"categories":[181],"tags":[17292,17607],"class_list":["post-267135","post","type-post","status-publish","format-standard","has-post-thumbnail","hentry","category-televisao","tag-odete-roitman","tag-vale-tudo"],"_links":{"self":[{"href":"https:\/\/portalpopmais.com.br\/en\/wp-json\/wp\/v2\/posts\/267135","targetHints":{"allow":["GET"]}}],"collection":[{"href":"https:\/\/portalpopmais.com.br\/en\/wp-json\/wp\/v2\/posts"}],"about":[{"href":"https:\/\/portalpopmais.com.br\/en\/wp-json\/wp\/v2\/types\/post"}],"author":[{"embeddable":true,"href":"https:\/\/portalpopmais.com.br\/en\/wp-json\/wp\/v2\/users\/38"}],"replies":[{"embeddable":true,"href":"https:\/\/portalpopmais.com.br\/en\/wp-json\/wp\/v2\/comments?post=267135"}],"version-history":[{"count":0,"href":"https:\/\/portalpopmais.com.br\/en\/wp-json\/wp\/v2\/posts\/267135\/revisions"}],"wp:featuredmedia":[{"embeddable":true,"href":"https:\/\/portalpopmais.com.br\/en\/wp-json\/wp\/v2\/media\/251215"}],"wp:attachment":[{"href":"https:\/\/portalpopmais.com.br\/en\/wp-json\/wp\/v2\/media?parent=267135"}],"wp:term":[{"taxonomy":"category","embeddable":true,"href":"https:\/\/portalpopmais.com.br\/en\/wp-json\/wp\/v2\/categories?post=267135"},{"taxonomy":"post_tag","embeddable":true,"href":"https:\/\/portalpopmais.com.br\/en\/wp-json\/wp\/v2\/tags?post=267135"}],"curies":[{"name":"wp","href":"https:\/\/api.w.org\/{rel}","templated":true}]}}