{"id":267183,"date":"2025-09-25T10:39:20","date_gmt":"2025-09-25T13:39:20","guid":{"rendered":"https:\/\/portalpopmais.com.br\/?p=267183"},"modified":"2025-09-25T10:40:45","modified_gmt":"2025-09-25T13:40:45","slug":"mpf-pede-reducao-da-pena-de-leo-lins","status":"publish","type":"post","link":"https:\/\/portalpopmais.com.br\/en\/mpf-pede-reducao-da-pena-de-leo-lins\/","title":{"rendered":"MPF pede redu\u00e7\u00e3o da pena de L\u00e9o Lins, condenado por discurso discriminat\u00f3rio em show de com\u00e9dia"},"content":{"rendered":"<p>O Minist\u00e9rio P\u00fablico Federal (MPF) se posicionou favoravelmente \u00e0 redu\u00e7\u00e3o da pena aplicada ao humorista <strong><a href=\"https:\/\/portalpopmais.com.br\/en\/trends\/leo-lins\/\" data-type=\"post_tag\" data-id=\"10289\">L\u00e9o Lins<\/a><\/strong>, condenado a 8 anos e 3 meses de pris\u00e3o por disseminar conte\u00fado discriminat\u00f3rio em um especial de com\u00e9dia publicado na internet. A manifesta\u00e7\u00e3o do MPF foi enviada ao Tribunal Regional Federal da 3\u00aa Regi\u00e3o (TRF-3), como parte do processo de apela\u00e7\u00e3o.<\/p>\n\n\n\n<p>A condena\u00e7\u00e3o original ocorreu ap\u00f3s a divulga\u00e7\u00e3o do show <em>Perturbador<\/em>, publicado no YouTube em 2022, no qual L\u00e9o Lins faz piadas com temas considerados ofensivos a diversos grupos minorit\u00e1rios, como pessoas negras, com defici\u00eancia, LGBTQIA+, nordestinos, ind\u00edgenas, judeus, religiosos, entre outros. O v\u00eddeo chegou a alcan\u00e7ar mais de 3 milh\u00f5es de visualiza\u00e7\u00f5es antes de ser retirado da plataforma por ordem judicial.<\/p>\n\n\n\n<p>Embora o Minist\u00e9rio P\u00fablico reconhe\u00e7a a materialidade e a autoria dos crimes, o procurador regional da Rep\u00fablica Vin\u00edcius Fermino prop\u00f4s altera\u00e7\u00f5es na dosimetria da pena. Segundo ele, a pena deve ser mantida, mas com ajustes na forma como foram contabilizados os crimes previstos na Lei 7.716\/1989 \u2014 que trata de discrimina\u00e7\u00e3o por motivos de ra\u00e7a, cor, etnia e religi\u00e3o \u2014 al\u00e9m de mudan\u00e7as na aplica\u00e7\u00e3o de san\u00e7\u00f5es financeiras.<\/p>\n\n\n\n<p>O MPF sugeriu que o n\u00famero de vezes em que os crimes foram considerados seja reduzido: de oito para seis ocorr\u00eancias no caso da Lei 7.716, e uma vez no caso da infra\u00e7\u00e3o contra pessoas com defici\u00eancia. Tamb\u00e9m foi proposta a revis\u00e3o da multa aplicada em primeira inst\u00e2ncia, originalmente fixada em 1.170 sal\u00e1rios m\u00ednimos, o que totalizava mais de R$ 1,4 milh\u00e3o com base nos valores da \u00e9poca. O novo c\u00e1lculo sugerido pela Procuradoria seria de cerca de 44 sal\u00e1rios m\u00ednimos \u2014 aproximadamente R$ 53 mil \u2014 valor que, segundo o \u00f3rg\u00e3o, estaria mais adequado \u00e0 renda mensal declarada por L\u00e9o Lins, que varia entre R$ 10 mil e R$ 100 mil. A Procuradoria tamb\u00e9m pediu redu\u00e7\u00e3o da indeniza\u00e7\u00e3o por danos morais coletivos.<\/p>\n\n\n\n<p>A Procuradoria Regional da Rep\u00fablica da 3\u00aa Regi\u00e3o destacou, em nota, que o caso envolve &#8220;tema jur\u00eddico de alta indaga\u00e7\u00e3o e complexidade&#8221;, ressaltando os desafios relacionados \u00e0 liberdade de express\u00e3o, limites do humor e discurso de \u00f3dio.<\/p>\n\n\n\n<h3 class=\"wp-block-heading\">Relembre o caso<\/h3>\n\n\n\n<p>A senten\u00e7a de primeira inst\u00e2ncia condenou o comediante \u00e0 pena de pris\u00e3o em regime inicialmente fechado, al\u00e9m de multa e indeniza\u00e7\u00e3o de R$ 303,6 mil por danos morais coletivos. Segundo o MPF, a severidade da pena considerou fatores como a ampla divulga\u00e7\u00e3o do conte\u00fado, o n\u00famero de grupos sociais atingidos e o tom de desd\u00e9m adotado pelo humorista em rela\u00e7\u00e3o ao poss\u00edvel impacto de suas falas.<\/p>\n\n\n\n<p>Durante o espet\u00e1culo, o pr\u00f3prio L\u00e9o Lins teria admitido o teor pol\u00eamico de suas piadas, reconhecendo que elas poderiam gerar repercuss\u00e3o judicial. O v\u00eddeo chegou a ser removido da internet por decis\u00e3o da Justi\u00e7a, que considerou que a forma de veicula\u00e7\u00e3o \u2014 com car\u00e1ter humor\u00edstico e recreativo \u2014 n\u00e3o eximia a responsabilidade penal.<\/p>\n\n\n\n<p>O humorista ainda pode recorrer da senten\u00e7a. At\u00e9 o momento, ele n\u00e3o se pronunciou publicamente sobre o novo parecer do MPF.<\/p>\n\n\n\n<p>O POP Mais segue tentando contato com a assessoria de L\u00e9o Lins.<\/p>","protected":false},"excerpt":{"rendered":"<p>O Minist\u00e9rio P\u00fablico Federal (MPF) se posicionou favoravelmente \u00e0 redu\u00e7\u00e3o da pena aplicada ao humorista L\u00e9o Lins, condenado a 8 anos e 3 meses de pris\u00e3o por disseminar conte\u00fado discriminat\u00f3rio em um especial de com\u00e9dia publicado na internet. A manifesta\u00e7\u00e3o do MPF foi enviada ao Tribunal Regional Federal da 3\u00aa Regi\u00e3o (TRF-3), como parte do [&hellip;]<\/p>\n","protected":false},"author":1,"featured_media":233058,"comment_status":"closed","ping_status":"closed","sticky":false,"template":"","format":"standard","meta":{"footnotes":""},"categories":[173],"tags":[18550,10289],"class_list":["post-267183","post","type-post","status-publish","format-standard","has-post-thumbnail","hentry","category-celebridades","tag-destaque","tag-leo-lins"],"_links":{"self":[{"href":"https:\/\/portalpopmais.com.br\/en\/wp-json\/wp\/v2\/posts\/267183","targetHints":{"allow":["GET"]}}],"collection":[{"href":"https:\/\/portalpopmais.com.br\/en\/wp-json\/wp\/v2\/posts"}],"about":[{"href":"https:\/\/portalpopmais.com.br\/en\/wp-json\/wp\/v2\/types\/post"}],"author":[{"embeddable":true,"href":"https:\/\/portalpopmais.com.br\/en\/wp-json\/wp\/v2\/users\/1"}],"replies":[{"embeddable":true,"href":"https:\/\/portalpopmais.com.br\/en\/wp-json\/wp\/v2\/comments?post=267183"}],"version-history":[{"count":0,"href":"https:\/\/portalpopmais.com.br\/en\/wp-json\/wp\/v2\/posts\/267183\/revisions"}],"wp:featuredmedia":[{"embeddable":true,"href":"https:\/\/portalpopmais.com.br\/en\/wp-json\/wp\/v2\/media\/233058"}],"wp:attachment":[{"href":"https:\/\/portalpopmais.com.br\/en\/wp-json\/wp\/v2\/media?parent=267183"}],"wp:term":[{"taxonomy":"category","embeddable":true,"href":"https:\/\/portalpopmais.com.br\/en\/wp-json\/wp\/v2\/categories?post=267183"},{"taxonomy":"post_tag","embeddable":true,"href":"https:\/\/portalpopmais.com.br\/en\/wp-json\/wp\/v2\/tags?post=267183"}],"curies":[{"name":"wp","href":"https:\/\/api.w.org\/{rel}","templated":true}]}}