{"id":267458,"date":"2025-09-26T11:39:21","date_gmt":"2025-09-26T14:39:21","guid":{"rendered":"https:\/\/portalpopmais.com.br\/?p=267458"},"modified":"2025-09-26T11:43:30","modified_gmt":"2025-09-26T14:43:30","slug":"executivo-e-envenenado-em-vale-tudo-em-nova-reviravolta-da-trama-saiba-quem-e","status":"publish","type":"post","link":"https:\/\/portalpopmais.com.br\/en\/executivo-e-envenenado-em-vale-tudo-em-nova-reviravolta-da-trama-saiba-quem-e\/","title":{"rendered":"Executivo morre ap\u00f3s envenenamento em &#8216;Vale Tudo&#8217;; saiba quem"},"content":{"rendered":"<p>Em <em>Vale Tudo<\/em>, a tens\u00e3o aumenta na TCA com a morte inesperada de M\u00e1rio S\u00e9rgio (Thom\u00e1s Aquino). Durante cenas previstas para irem ao ar neste s\u00e1bado (27), o executivo sofre um colapso depois de consumir um medicamento oferecido por Marco Aur\u00e9lio (Alexandre Nero), sem saber que havia sido sabotado por Odete (D\u00e9bora Bloch).<\/p>\n\n\n\n<p>A sequ\u00eancia come\u00e7a quando M\u00e1rio S\u00e9rgio reclama de dores no corpo ap\u00f3s uma partida de futebol. Em busca de al\u00edvio r\u00e1pido, ele aceita o rem\u00e9dio descrito como \u201cmaravilha dos deuses\u201d.<\/p>\n\n\n<div class=\"wp-block-image\">\n<figure class=\"aligncenter size-large\"><img loading=\"lazy\" decoding=\"async\" width=\"1170\" height=\"694\" src=\"https:\/\/portalpopmais.com.br\/wp-content\/uploads\/2025\/09\/Vale-Tudo-2-1170x694.jpg\" alt=\"\" class=\"wp-image-267460\" title=\"\" srcset=\"https:\/\/portalpopmais.com.br\/wp-content\/uploads\/2025\/09\/Vale-Tudo-2-1170x694.jpg 1170w, https:\/\/portalpopmais.com.br\/wp-content\/uploads\/2025\/09\/Vale-Tudo-2-768x456.jpg 768w, https:\/\/portalpopmais.com.br\/wp-content\/uploads\/2025\/09\/Vale-Tudo-2-18x12.jpg 18w\" sizes=\"auto, (max-width: 1170px) 100vw, 1170px\" \/><figcaption class=\"wp-element-caption\">M\u00e1rio S\u00e9rgio (Thom\u00e1s Aquino) passa mal e \u00e9 socorrido por Consu\u00ealo (Belize Pombal) e Freitas (Luis Lobianco) &#8211; Foto: TV Globo<\/figcaption><\/figure>\n<\/div>\n\n\n<p>Minutos depois, por\u00e9m, o executivo passa mal e tenta disfar\u00e7ar os sintomas, mas acaba desabando na antessala da TCA. O epis\u00f3dio ocorre diante de Marieta (Cac\u00e1 Ottoni), Consu\u00ealo (Belize Pombal) e Freitas (Luis Lobianco), que entram em p\u00e2nico ao presenciar a cena.<\/p>\n\n\n\n<p>Param\u00e9dicos s\u00e3o acionados imediatamente, mas o ataque card\u00edaco \u00e9 fatal. Odete e Marco Aur\u00e9lio acompanham o desfecho em sil\u00eancio, evidenciando a tens\u00e3o entre os personagens. A a\u00e7\u00e3o refor\u00e7a o car\u00e1ter frio e calculista da empres\u00e1ria, marcando uma das viradas mais sombrias da novela.<\/p>\n\n\n<div class=\"wp-block-image\">\n<figure class=\"aligncenter size-full\"><img loading=\"lazy\" decoding=\"async\" width=\"2362\" height=\"1773\" src=\"https:\/\/portalpopmais.com.br\/wp-content\/uploads\/2025\/09\/Vale-Tudo-1.jpg\" alt=\"\" class=\"wp-image-267459\" title=\"\" srcset=\"https:\/\/portalpopmais.com.br\/wp-content\/uploads\/2025\/09\/Vale-Tudo-1.jpg 2362w, https:\/\/portalpopmais.com.br\/wp-content\/uploads\/2025\/09\/Vale-Tudo-1-768x576.jpg 768w, https:\/\/portalpopmais.com.br\/wp-content\/uploads\/2025\/09\/Vale-Tudo-1-1536x1153.jpg 1536w, https:\/\/portalpopmais.com.br\/wp-content\/uploads\/2025\/09\/Vale-Tudo-1-2048x1537.jpg 2048w, https:\/\/portalpopmais.com.br\/wp-content\/uploads\/2025\/09\/Vale-Tudo-1-16x12.jpg 16w\" sizes=\"auto, (max-width: 2362px) 100vw, 2362px\" \/><figcaption class=\"wp-element-caption\">Marco Aur\u00e9lio (Alexandre Nero) e Odete (Debora Bloch) se encaram diante do funcion\u00e1rio desacordado &#8211; Foto: TV Globo<\/figcaption><\/figure>\n<\/div>\n\n\n<p>Enquanto isso, outros personagens vivem momentos de al\u00edvio e esperan\u00e7a: Andr\u00e9 surpreende a fam\u00edlia ao participar de um campeonato de hipismo, mostrando progresso, e Ivan recebe finalmente a indeniza\u00e7\u00e3o aguardada ap\u00f3s conflitos anteriores. Freitas, cada vez mais pr\u00f3ximo de Eug\u00eanio, discute planos para abrir uma pousada no Nordeste com recursos desviados de Marco Aur\u00e9lio, adicionando outra camada de tens\u00e3o \u00e0 narrativa.<\/p>\n\n\n\n<p>A morte de M\u00e1rio S\u00e9rgio promete desencadear novas intrigas e rea\u00e7\u00f5es entre os Roitman, mantendo o p\u00fablico atento aos pr\u00f3ximos cap\u00edtulos da trama.<\/p>","protected":false},"excerpt":{"rendered":"<p>Funcion\u00e1rio desmaia ap\u00f3s ingerir comprimido sabotado por Odete<\/p>","protected":false},"author":38,"featured_media":267462,"comment_status":"closed","ping_status":"closed","sticky":false,"template":"","format":"standard","meta":{"footnotes":""},"categories":[181],"tags":[3607,17607],"class_list":["post-267458","post","type-post","status-publish","format-standard","has-post-thumbnail","hentry","category-televisao","tag-novela","tag-vale-tudo"],"_links":{"self":[{"href":"https:\/\/portalpopmais.com.br\/en\/wp-json\/wp\/v2\/posts\/267458","targetHints":{"allow":["GET"]}}],"collection":[{"href":"https:\/\/portalpopmais.com.br\/en\/wp-json\/wp\/v2\/posts"}],"about":[{"href":"https:\/\/portalpopmais.com.br\/en\/wp-json\/wp\/v2\/types\/post"}],"author":[{"embeddable":true,"href":"https:\/\/portalpopmais.com.br\/en\/wp-json\/wp\/v2\/users\/38"}],"replies":[{"embeddable":true,"href":"https:\/\/portalpopmais.com.br\/en\/wp-json\/wp\/v2\/comments?post=267458"}],"version-history":[{"count":0,"href":"https:\/\/portalpopmais.com.br\/en\/wp-json\/wp\/v2\/posts\/267458\/revisions"}],"wp:featuredmedia":[{"embeddable":true,"href":"https:\/\/portalpopmais.com.br\/en\/wp-json\/wp\/v2\/media\/267462"}],"wp:attachment":[{"href":"https:\/\/portalpopmais.com.br\/en\/wp-json\/wp\/v2\/media?parent=267458"}],"wp:term":[{"taxonomy":"category","embeddable":true,"href":"https:\/\/portalpopmais.com.br\/en\/wp-json\/wp\/v2\/categories?post=267458"},{"taxonomy":"post_tag","embeddable":true,"href":"https:\/\/portalpopmais.com.br\/en\/wp-json\/wp\/v2\/tags?post=267458"}],"curies":[{"name":"wp","href":"https:\/\/api.w.org\/{rel}","templated":true}]}}