{"id":268303,"date":"2025-09-30T07:59:21","date_gmt":"2025-09-30T10:59:21","guid":{"rendered":"https:\/\/portalpopmais.com.br\/?p=268303"},"modified":"2025-09-30T07:59:24","modified_gmt":"2025-09-30T10:59:24","slug":"salario-chris-flores-retorno-tv","status":"publish","type":"post","link":"https:\/\/portalpopmais.com.br\/en\/salario-chris-flores-retorno-tv\/","title":{"rendered":"Chris Flores aceita sal\u00e1rio menor para voltar \u00e0 TV; saiba quanto"},"content":{"rendered":"<p>Ap\u00f3s mais de um ano longe da televis\u00e3o, a apresentadora <strong><a href=\"https:\/\/portalpopmais.com.br\/en\/trends\/chris-flores\/\" data-type=\"post_tag\" data-id=\"4023\">Chris Flores<\/a><\/strong>, de 46 anos, est\u00e1 de volta \u00e0s telinhas. A jornalista foi contratada pela <strong>Band<\/strong> para dividir o comando do programa <strong>\u201cMelhor da Tarde\u201d<\/strong> com o colunista <strong>Leo Dias<\/strong>, segundo informa\u00e7\u00f5es da colunista F\u00e1bia Oliveira. O contrato deve ser formalizado nos pr\u00f3ximos dias.<\/p>\n\n\n\n<p>A volta \u00e0 <a href=\"http:\/\/instagram.com\/sitepopmais\" target=\"_blank\" rel=\"noopener\">TV<\/a>, no entanto, vem acompanhada de uma mudan\u00e7a significativa. Chris aceitou um sal\u00e1rio de <strong>R$ 25 mil<\/strong>, valor bem abaixo dos <strong>R$ 60 mil<\/strong> que recebia no SBT, quando apresentava o <strong>\u201cFofocalizando\u201d<\/strong>. A decis\u00e3o, de acordo com pessoas pr\u00f3ximas, foi motivada pelo desejo de retomar a carreira na televis\u00e3o e reconquistar espa\u00e7o no meio ap\u00f3s o afastamento.<\/p>\n\n\n\n<h3 class=\"wp-block-heading\">Nova fase na carreira de Chris Flores<\/h3>\n\n\n\n<p>Chris deixou oficialmente o <strong>SBT<\/strong> em abril de 2024, ap\u00f3s pedir para sair do \u201cFofocalizando\u201d ainda em novembro de 2023. Na ocasi\u00e3o, declarou que n\u00e3o se identificava mais com o formato de fofocas. Durante o per\u00edodo fora do ar, a apresentadora se dedicou \u00e0 conclus\u00e3o da gradua\u00e7\u00e3o em Hist\u00f3ria e manteve um canal no YouTube, que j\u00e1 soma mais de <strong>315 mil inscritos<\/strong>.<\/p>\n\n\n\n<p>O retorno \u00e0 TV tamb\u00e9m marca uma reaproxima\u00e7\u00e3o com Leo Dias, seu antigo colega de bancada no SBT e respons\u00e1vel por indicar seu nome \u00e0 Band. Al\u00e9m de not\u00edcias de celebridades, Chris deve participar de outros quadros do programa, como entrevistas e receitas.<\/p>\n\n\n\n<h4 class=\"wp-block-heading\">Expectativa na Band<\/h4>\n\n\n\n<p>A aposta da emissora \u00e9 que a chegada da apresentadora ajude a <strong>impulsionar a audi\u00eancia e fortalecer o setor comercial<\/strong> do vespertino, que vem registrando queda desde a sa\u00edda de <strong>C\u00e1tia Fonseca<\/strong>.<\/p>","protected":false},"excerpt":{"rendered":"<p>Ap\u00f3s mais de um ano longe da televis\u00e3o, a apresentadora Chris Flores, de 46 anos, est\u00e1 de volta \u00e0s telinhas. A jornalista foi contratada pela Band para dividir o comando do programa \u201cMelhor da Tarde\u201d com o colunista Leo Dias, segundo informa\u00e7\u00f5es da colunista F\u00e1bia Oliveira. O contrato deve ser formalizado nos pr\u00f3ximos dias. A [&hellip;]<\/p>\n","protected":false},"author":1,"featured_media":171574,"comment_status":"closed","ping_status":"closed","sticky":false,"template":"","format":"standard","meta":{"footnotes":""},"categories":[181],"tags":[4023],"class_list":["post-268303","post","type-post","status-publish","format-standard","has-post-thumbnail","hentry","category-televisao","tag-chris-flores"],"_links":{"self":[{"href":"https:\/\/portalpopmais.com.br\/en\/wp-json\/wp\/v2\/posts\/268303","targetHints":{"allow":["GET"]}}],"collection":[{"href":"https:\/\/portalpopmais.com.br\/en\/wp-json\/wp\/v2\/posts"}],"about":[{"href":"https:\/\/portalpopmais.com.br\/en\/wp-json\/wp\/v2\/types\/post"}],"author":[{"embeddable":true,"href":"https:\/\/portalpopmais.com.br\/en\/wp-json\/wp\/v2\/users\/1"}],"replies":[{"embeddable":true,"href":"https:\/\/portalpopmais.com.br\/en\/wp-json\/wp\/v2\/comments?post=268303"}],"version-history":[{"count":0,"href":"https:\/\/portalpopmais.com.br\/en\/wp-json\/wp\/v2\/posts\/268303\/revisions"}],"wp:featuredmedia":[{"embeddable":true,"href":"https:\/\/portalpopmais.com.br\/en\/wp-json\/wp\/v2\/media\/171574"}],"wp:attachment":[{"href":"https:\/\/portalpopmais.com.br\/en\/wp-json\/wp\/v2\/media?parent=268303"}],"wp:term":[{"taxonomy":"category","embeddable":true,"href":"https:\/\/portalpopmais.com.br\/en\/wp-json\/wp\/v2\/categories?post=268303"},{"taxonomy":"post_tag","embeddable":true,"href":"https:\/\/portalpopmais.com.br\/en\/wp-json\/wp\/v2\/tags?post=268303"}],"curies":[{"name":"wp","href":"https:\/\/api.w.org\/{rel}","templated":true}]}}