{"id":268866,"date":"2025-10-02T10:17:37","date_gmt":"2025-10-02T13:17:37","guid":{"rendered":"https:\/\/portalpopmais.com.br\/?p=268866"},"modified":"2025-10-02T10:28:10","modified_gmt":"2025-10-02T13:28:10","slug":"dudu-e-yona-causam-punicao-pesada-em-a-fazenda-17","status":"publish","type":"post","link":"https:\/\/portalpopmais.com.br\/en\/dudu-e-yona-causam-punicao-pesada-em-a-fazenda-17\/","title":{"rendered":"Dudu e Yon\u00e1 causam puni\u00e7\u00e3o pesada em &#8216;A Fazenda 17&#8217;"},"content":{"rendered":"<p>O clima em <em>A Fazenda 17<\/em> esquentou logo no come\u00e7o do m\u00eas. Nesta quarta-feira (1), os pe\u00f5es receberam uma puni\u00e7\u00e3o grav\u00edssima ap\u00f3s descumprirem uma regra do reality de forma proposital, deixando toda a casa sem \u00e1gua e g\u00e1s por 24 horas.<\/p>\n\n\n\n<p>Tudo come\u00e7ou quando Dudu e Yon\u00e1, aliados estrat\u00e9gicos no jogo, arquitetaram um plano para atrapalhar os advers\u00e1rios. Enquanto Thamires cumpria suas tarefas sozinha na \u00e1rea externa, Yon\u00e1 decidiu ajud\u00e1-la, ignorando a regra que limita o aux\u00edlio apenas a moradores da baia e ao fazendeiro da semana. O gesto, que parecia solid\u00e1rio, fazia parte da estrat\u00e9gia do duo.<\/p>\n\n\n\n<figure class=\"wp-block-embed is-type-rich is-provider-twitter wp-block-embed-twitter\"><div class=\"wp-block-embed__wrapper\">\n<blockquote class=\"twitter-tweet\" data-width=\"550\" data-dnt=\"true\"><p lang=\"pt\" dir=\"ltr\">Yon\u00e1 e Dudu fazem planos <br><br>Acesse <a href=\"https:\/\/t.co\/TVgQofAAFC\">https:\/\/t.co\/TVgQofAAFC<\/a> para assistir \u00e0 transmiss\u00e3o 24 horas de <a href=\"https:\/\/twitter.com\/hashtag\/AFazenda?src=hash&amp;ref_src=twsrc%5Etfw\" target=\"_blank\" rel=\"noopener\">#AFazenda<\/a> com seis sinais exclusivos \ud83d\udd25 <a href=\"https:\/\/t.co\/zbdZg2zJ15\">pic.twitter.com\/zbdZg2zJ15<\/a><\/p>&mdash; A Fazenda (@afazendarecord) <a href=\"https:\/\/twitter.com\/afazendarecord\/status\/1973376439857606745?ref_src=twsrc%5Etfw\" target=\"_blank\" rel=\"noopener\">October 1, 2025<\/a><\/blockquote><script async src=\"https:\/\/platform.twitter.com\/widgets.js\" charset=\"utf-8\"><\/script>\n<\/div><\/figure>\n\n\n\n<p>A produ\u00e7\u00e3o do programa explicou a situa\u00e7\u00e3o: &#8220;Apenas os moradores da baia e o fazendeiro podem auxiliar os pe\u00f5es encarregados nas obriga\u00e7\u00f5es. Pelo descumprimento dessa regra, voc\u00eas ficar\u00e3o 24 horas sem g\u00e1s e \u00e1gua encanada&#8221;.<\/p>\n\n\n\n<p>Com a puni\u00e7\u00e3o aplicada, a tens\u00e3o entre os pe\u00f5es aumentou, deixando o clima na casa ainda mais conturbado.<\/p>\n\n\n\n<figure class=\"wp-block-embed is-type-rich is-provider-twitter wp-block-embed-twitter\"><div class=\"wp-block-embed__wrapper\">\n<blockquote class=\"twitter-tweet\" data-width=\"550\" data-dnt=\"true\"><p lang=\"pt\" dir=\"ltr\">Yon\u00e1 e Dudu fazem planos <br><br>Acesse <a href=\"https:\/\/t.co\/TVgQofAAFC\">https:\/\/t.co\/TVgQofAAFC<\/a> para assistir \u00e0 transmiss\u00e3o 24 horas de <a href=\"https:\/\/twitter.com\/hashtag\/AFazenda?src=hash&amp;ref_src=twsrc%5Etfw\" target=\"_blank\" rel=\"noopener\">#AFazenda<\/a> com seis sinais exclusivos \ud83d\udd25 <a href=\"https:\/\/t.co\/zbdZg2zJ15\">pic.twitter.com\/zbdZg2zJ15<\/a><\/p>&mdash; A Fazenda (@afazendarecord) <a href=\"https:\/\/twitter.com\/afazendarecord\/status\/1973376439857606745?ref_src=twsrc%5Etfw\" target=\"_blank\" rel=\"noopener\">October 1, 2025<\/a><\/blockquote><script async src=\"https:\/\/platform.twitter.com\/widgets.js\" charset=\"utf-8\"><\/script>\n<\/div><\/figure>\n\n\n\n<h3 class=\"wp-block-heading\">Ro\u00e7a<\/h3>\n\n\n\n<p>Al\u00e9m da pol\u00eamica da puni\u00e7\u00e3o, a segunda ro\u00e7a da edi\u00e7\u00e3o j\u00e1 foi formada. Renata, Rayane, Duda e Wal\u00e9rio est\u00e3o na berlinda. Rayane foi indicada pelo fazendeiro Dudu Camargo, enquanto Matheus, que recebeu mais votos da casa, teve sua indica\u00e7\u00e3o transferida para Wal\u00e9rio gra\u00e7as ao poder de Yon\u00e1. Em seguida, Wal\u00e9rio puxou Duda, deixando Renata no \u201cResta um\u201d.<\/p>\n\n\n\n<p>A estrat\u00e9gia de Dudu e Yon\u00e1 mexeu com todos na casa e deixou claro que em <em>A Fazenda 17<\/em>, cada movimento \u00e9 decisivo para o andamento da competi\u00e7\u00e3o.<\/p>","protected":false},"excerpt":{"rendered":"<p>Estrat\u00e9gia de dupla provoca reviravolta e deixa todos atentos \u00e0s regras<\/p>","protected":false},"author":38,"featured_media":268876,"comment_status":"closed","ping_status":"closed","sticky":false,"template":"","format":"standard","meta":{"footnotes":""},"categories":[8605],"tags":[205,2211,19632],"class_list":["post-268866","post","type-post","status-publish","format-standard","has-post-thumbnail","hentry","category-realities","tag-a-fazenda","tag-dudu-camargo","tag-yona"],"_links":{"self":[{"href":"https:\/\/portalpopmais.com.br\/en\/wp-json\/wp\/v2\/posts\/268866","targetHints":{"allow":["GET"]}}],"collection":[{"href":"https:\/\/portalpopmais.com.br\/en\/wp-json\/wp\/v2\/posts"}],"about":[{"href":"https:\/\/portalpopmais.com.br\/en\/wp-json\/wp\/v2\/types\/post"}],"author":[{"embeddable":true,"href":"https:\/\/portalpopmais.com.br\/en\/wp-json\/wp\/v2\/users\/38"}],"replies":[{"embeddable":true,"href":"https:\/\/portalpopmais.com.br\/en\/wp-json\/wp\/v2\/comments?post=268866"}],"version-history":[{"count":0,"href":"https:\/\/portalpopmais.com.br\/en\/wp-json\/wp\/v2\/posts\/268866\/revisions"}],"wp:featuredmedia":[{"embeddable":true,"href":"https:\/\/portalpopmais.com.br\/en\/wp-json\/wp\/v2\/media\/268876"}],"wp:attachment":[{"href":"https:\/\/portalpopmais.com.br\/en\/wp-json\/wp\/v2\/media?parent=268866"}],"wp:term":[{"taxonomy":"category","embeddable":true,"href":"https:\/\/portalpopmais.com.br\/en\/wp-json\/wp\/v2\/categories?post=268866"},{"taxonomy":"post_tag","embeddable":true,"href":"https:\/\/portalpopmais.com.br\/en\/wp-json\/wp\/v2\/tags?post=268866"}],"curies":[{"name":"wp","href":"https:\/\/api.w.org\/{rel}","templated":true}]}}