{"id":268906,"date":"2025-10-02T11:23:27","date_gmt":"2025-10-02T14:23:27","guid":{"rendered":"https:\/\/portalpopmais.com.br\/?p=268906"},"modified":"2025-10-02T11:49:48","modified_gmt":"2025-10-02T14:49:48","slug":"governo-trump-anuncia-fiscalizacao-no-show-de-bad-bunny-no-super-bowl-2026","status":"publish","type":"post","link":"https:\/\/portalpopmais.com.br\/en\/governo-trump-anuncia-fiscalizacao-no-show-de-bad-bunny-no-super-bowl-2026\/","title":{"rendered":"Governo Trump anuncia fiscaliza\u00e7\u00e3o no show de Bad Bunny no Super Bowl 2026"},"content":{"rendered":"<p>O <strong><a href=\"https:\/\/portalpopmais.com.br\/en\/bad-bunny-superbowl-2026\/\">Super Bowl de 2026<\/a><\/strong> promete aquecer n\u00e3o apenas os est\u00e1dios, mas tamb\u00e9m a pol\u00edtica americana. O governo Trump anunciou que agentes de imigra\u00e7\u00e3o estar\u00e3o presentes durante a apresenta\u00e7\u00e3o de Bad Bunny no intervalo do maior evento da NFL, segundo Corey Lewandowski, assessor do Departamento de Seguran\u00e7a Interna, em entrevista ao podcast <em>The Benny Johnson Show<\/em>.<\/p>\n\n\n\n<p>Lewandowski classificou a escolha do cantor porto-riquenho como \u201cvergonhosa\u201d e afirmou que ele seria algu\u00e9m que \u201cparece odiar a Am\u00e9rica\u201d. O assessor destacou ainda que n\u00e3o haver\u00e1 espa\u00e7o seguro para pessoas em situa\u00e7\u00e3o irregular no pa\u00eds durante o evento, mas n\u00e3o detalhou como ser\u00e1 a atua\u00e7\u00e3o do Servi\u00e7o de Imigra\u00e7\u00e3o e Controle de Alf\u00e2ndega (ICE), afirmando apenas que os agentes \u201cestar\u00e3o em todos os lugares\u201d.<\/p>\n\n\n\n<blockquote class=\"wp-block-quote is-layout-flow wp-block-quote-is-layout-flow\">\n<p><em>&#8220;N\u00e3o h\u00e1 lugar onde se possa oferecer abrigo seguro para pessoas que est\u00e3o ilegalmente no pa\u00eds, nem no Super Bowl, nem em nenhum outro lugar&#8221;, disse Lewandowski.<\/em><\/p>\n<\/blockquote>\n\n\n\n<p>A decis\u00e3o rapidamente provocou indigna\u00e7\u00e3o entre apoiadores do ex-presidente Donald Trump. Muitos criticaram a NFL por selecionar um artista que canta majoritariamente em espanhol como atra\u00e7\u00e3o principal do evento esportivo mais importante dos Estados Unidos.<\/p>\n\n\n\n<p>Entre eles, Sebastian Gorka, outro assessor ligado a Trump, questionou nas redes sociais se a liga de futebol americano estaria ciente das implica\u00e7\u00f5es da escolha.<\/p>\n\n\n\n<blockquote class=\"wp-block-quote is-layout-flow wp-block-quote-is-layout-flow\">\n<p><em>&#8220;Ser\u00e1 que a NFL \u00e9 incapaz de perceber o que est\u00e1 acontecendo?&#8221;, publicou Sebastian Gorka na rede X ap\u00f3s o an\u00fancio.<\/em><\/p>\n<\/blockquote>\n\n\n\n<h3 class=\"wp-block-heading\">Apresenta\u00e7\u00f5es nos EUA<\/h3>\n\n\n\n<p>O cantor, vencedor de tr\u00eas Grammys, havia informado anteriormente que evitaria se apresentar nos Estados Unidos em parte de sua turn\u00ea mundial por receio de a\u00e7\u00f5es de agentes de imigra\u00e7\u00e3o durante seus shows.<\/p>\n\n\n\n<blockquote class=\"wp-block-quote is-layout-flow wp-block-quote-is-layout-flow\">\n<p><em>\u201cHavia a possibilidade de o Servi\u00e7o de Imigra\u00e7\u00e3o estar do lado de fora dos meus shows. E isso era algo que discut\u00edamos muito e nos preocupava bastante&#8221;<\/em><\/p>\n<\/blockquote>\n\n\n\n<p>Apesar da boa rela\u00e7\u00e3o com o p\u00fablico norte-americano, o artista destacou que optou por focar em sua terra natal, especialmente com a resid\u00eancia de shows em Porto Rico. Para ele, o arquip\u00e9lago, embora seja um territ\u00f3rio incorporado aos EUA, oferece uma experi\u00eancia diferente, mas acess\u00edvel.<\/p>","protected":false},"excerpt":{"rendered":"<p>Decis\u00e3o gerou rea\u00e7\u00e3o de apoiadores do ex-presidente e reacendeu debates sobre imigra\u00e7\u00e3o e cultura pop nos EUA<\/p>","protected":false},"author":38,"featured_media":268924,"comment_status":"closed","ping_status":"closed","sticky":false,"template":"","format":"standard","meta":{"footnotes":""},"categories":[154],"tags":[2579,353],"class_list":["post-268906","post","type-post","status-publish","format-standard","has-post-thumbnail","hentry","category-musica","tag-bad-bunny","tag-super-bowl"],"_links":{"self":[{"href":"https:\/\/portalpopmais.com.br\/en\/wp-json\/wp\/v2\/posts\/268906","targetHints":{"allow":["GET"]}}],"collection":[{"href":"https:\/\/portalpopmais.com.br\/en\/wp-json\/wp\/v2\/posts"}],"about":[{"href":"https:\/\/portalpopmais.com.br\/en\/wp-json\/wp\/v2\/types\/post"}],"author":[{"embeddable":true,"href":"https:\/\/portalpopmais.com.br\/en\/wp-json\/wp\/v2\/users\/38"}],"replies":[{"embeddable":true,"href":"https:\/\/portalpopmais.com.br\/en\/wp-json\/wp\/v2\/comments?post=268906"}],"version-history":[{"count":0,"href":"https:\/\/portalpopmais.com.br\/en\/wp-json\/wp\/v2\/posts\/268906\/revisions"}],"wp:featuredmedia":[{"embeddable":true,"href":"https:\/\/portalpopmais.com.br\/en\/wp-json\/wp\/v2\/media\/268924"}],"wp:attachment":[{"href":"https:\/\/portalpopmais.com.br\/en\/wp-json\/wp\/v2\/media?parent=268906"}],"wp:term":[{"taxonomy":"category","embeddable":true,"href":"https:\/\/portalpopmais.com.br\/en\/wp-json\/wp\/v2\/categories?post=268906"},{"taxonomy":"post_tag","embeddable":true,"href":"https:\/\/portalpopmais.com.br\/en\/wp-json\/wp\/v2\/tags?post=268906"}],"curies":[{"name":"wp","href":"https:\/\/api.w.org\/{rel}","templated":true}]}}