{"id":269627,"date":"2025-10-05T19:39:16","date_gmt":"2025-10-05T22:39:16","guid":{"rendered":"https:\/\/portalpopmais.com.br\/?p=269627"},"modified":"2025-10-05T19:39:19","modified_gmt":"2025-10-05T22:39:19","slug":"filha-de-neymar-e-bruna-biancardi-mavie-e-levada-ao-hospital-apos-fraturar-o-braco","status":"publish","type":"post","link":"https:\/\/portalpopmais.com.br\/en\/filha-de-neymar-e-bruna-biancardi-mavie-e-levada-ao-hospital-apos-fraturar-o-braco\/","title":{"rendered":"Filha de Neymar e Bruna Biancardi, Mavie \u00e9 levada ao hospital ap\u00f3s fraturar o bra\u00e7o"},"content":{"rendered":"<p>Neste domingo (5), Mavie, filha de Neymar Jr. e Bruna Biancardi, precisou ser levada ao hospital ap\u00f3s sofrer uma fratura no bra\u00e7o. A informa\u00e7\u00e3o foi compartilhada pelo pr\u00f3prio jogador nas redes sociais, junto a uma foto em que aparece com a menina, que j\u00e1 est\u00e1 com o bra\u00e7o imobilizado por uma tala.<\/p>\n\n\n\n<p>&#8220;Chorou muito de dor, levamos ao hospital e, agora, j\u00e1 est\u00e1 tudo bem. Uns diazinhos com isso e j\u00e1 era&#8221;, escreveu Neymar em um post no Instagram, tranquilizando os seguidores sobre o estado de sa\u00fade da filha.<\/p>\n\n\n\n<p>Apesar da publica\u00e7\u00e3o, o atleta n\u00e3o deu detalhes sobre como ocorreu o acidente. Bruna Biancardi, m\u00e3e de Mavie, ainda n\u00e3o se manifestou sobre o ocorrido.<\/p>\n\n\n\n<p>O susto acontece poucos dias ap\u00f3s a comemora\u00e7\u00e3o do segundo anivers\u00e1rio da menina. Mavie celebrou a data com uma festa de grande propor\u00e7\u00e3o organizada pelos pais, que compartilham momentos da filha com frequ\u00eancia nas redes sociais.<\/p>\n\n\n\n<p><\/p>","protected":false},"excerpt":{"rendered":"<p>Neste domingo (5), Mavie, filha de Neymar Jr. e Bruna Biancardi, precisou ser levada ao hospital ap\u00f3s sofrer uma fratura no bra\u00e7o. A informa\u00e7\u00e3o foi compartilhada pelo pr\u00f3prio jogador nas redes sociais, junto a uma foto em que aparece com a menina, que j\u00e1 est\u00e1 com o bra\u00e7o imobilizado por uma tala. &#8220;Chorou muito de [&hellip;]<\/p>\n","protected":false},"author":1,"featured_media":269626,"comment_status":"closed","ping_status":"closed","sticky":false,"template":"","format":"standard","meta":{"footnotes":""},"categories":[173],"tags":[18550,19629,728],"class_list":["post-269627","post","type-post","status-publish","format-standard","has-post-thumbnail","hentry","category-celebridades","tag-destaque","tag-mavie","tag-neymar"],"_links":{"self":[{"href":"https:\/\/portalpopmais.com.br\/en\/wp-json\/wp\/v2\/posts\/269627","targetHints":{"allow":["GET"]}}],"collection":[{"href":"https:\/\/portalpopmais.com.br\/en\/wp-json\/wp\/v2\/posts"}],"about":[{"href":"https:\/\/portalpopmais.com.br\/en\/wp-json\/wp\/v2\/types\/post"}],"author":[{"embeddable":true,"href":"https:\/\/portalpopmais.com.br\/en\/wp-json\/wp\/v2\/users\/1"}],"replies":[{"embeddable":true,"href":"https:\/\/portalpopmais.com.br\/en\/wp-json\/wp\/v2\/comments?post=269627"}],"version-history":[{"count":0,"href":"https:\/\/portalpopmais.com.br\/en\/wp-json\/wp\/v2\/posts\/269627\/revisions"}],"wp:featuredmedia":[{"embeddable":true,"href":"https:\/\/portalpopmais.com.br\/en\/wp-json\/wp\/v2\/media\/269626"}],"wp:attachment":[{"href":"https:\/\/portalpopmais.com.br\/en\/wp-json\/wp\/v2\/media?parent=269627"}],"wp:term":[{"taxonomy":"category","embeddable":true,"href":"https:\/\/portalpopmais.com.br\/en\/wp-json\/wp\/v2\/categories?post=269627"},{"taxonomy":"post_tag","embeddable":true,"href":"https:\/\/portalpopmais.com.br\/en\/wp-json\/wp\/v2\/tags?post=269627"}],"curies":[{"name":"wp","href":"https:\/\/api.w.org\/{rel}","templated":true}]}}