{"id":269976,"date":"2025-10-07T16:00:00","date_gmt":"2025-10-07T19:00:00","guid":{"rendered":"https:\/\/portalpopmais.com.br\/?p=269976"},"modified":"2025-10-07T13:51:46","modified_gmt":"2025-10-07T16:51:46","slug":"homem-entra-para-o-guinness-com-a-maior-barba-do-mundo","status":"publish","type":"post","link":"https:\/\/portalpopmais.com.br\/en\/homem-entra-para-o-guinness-com-a-maior-barba-do-mundo\/","title":{"rendered":"Homem entra para o Guinness com a maior barba do mundo"},"content":{"rendered":"<p>Rudolf Martino, morador de Birmingham, Alabama, acaba de entrar para o <em>Guinness World Records<\/em> por ter a barba natural mais longa do mundo entre pessoas vivas. Com impressionantes 1,06 metro de pelos faciais, ele passou mais de uma d\u00e9cada cultivando sua barba que agora \u00e9 um s\u00edmbolo de sua personalidade \u00fanica.<\/p>\n\n\n\n<ul class=\"wp-block-list\">\n<li><strong>Veja tamb\u00e9m: <\/strong><a href=\"https:\/\/portalpopmais.com.br\/en\/idoso-atropelado-por-cachorro-fica-tetraplegico-em-piacatu\/\">Idoso \u201catropelado\u201d por cachorro em Piacatu fica tetrapl\u00e9gico, diz hospital<\/a><\/li>\n<\/ul>\n\n\n\n<h3 class=\"wp-block-heading\"><strong>A Inspira\u00e7\u00e3o por tr\u00e1s da barba<\/strong><\/h3>\n\n\n\n<p>Em entrevista, Rudolf revelou que sua barba foi inspirada por diversas culturas e religi\u00f5es ao redor do mundo, como as tradi\u00e7\u00f5es eg\u00edpcia, indiana e rastaf\u00e1ri. Ele explicou que o estilo foi criado para resgatar uma apar\u00eancia que remonta a milhares de anos, mas com seu toque pessoal. &#8220;A barba foi inspirada nos homens santos da \u00cdndia e tamb\u00e9m nos rastaf\u00e1ris da Jamaica, que adotaram esse estilo dos indianos&#8221;, afirmou ele.<\/p>\n\n\n<div class=\"wp-block-image\">\n<figure class=\"aligncenter size-full\"><img loading=\"lazy\" decoding=\"async\" width=\"1000\" height=\"1437\" src=\"https:\/\/portalpopmais.com.br\/wp-content\/uploads\/2025\/10\/image-118.png\" alt=\"\" class=\"wp-image-269977\" title=\"\" srcset=\"https:\/\/portalpopmais.com.br\/wp-content\/uploads\/2025\/10\/image-118.png 1000w, https:\/\/portalpopmais.com.br\/wp-content\/uploads\/2025\/10\/image-118-768x1104.png 768w, https:\/\/portalpopmais.com.br\/wp-content\/uploads\/2025\/10\/image-118-8x12.png 8w\" sizes=\"auto, (max-width: 1000px) 100vw, 1000px\" \/><figcaption class=\"wp-element-caption\">Rudolf Martino exibe o certificado do Guinness World Records \u2014 Foto: Divulga\u00e7\u00e3o\/Guinness World Records<\/figcaption><\/figure>\n<\/div>\n\n\n<p>Al\u00e9m de ser uma marca registrada de sua imagem, a barba tem um significado profundo para Rudolf. Ele a v\u00ea como uma representa\u00e7\u00e3o das suas pr\u00f3prias ra\u00edzes e do seu crescimento pessoal, comparando-a a uma \u00e1rvore, cujas ra\u00edzes, galhos, folhas e frutos representam diferentes fases e conquistas de sua vida.<\/p>\n\n\n\n<h3 class=\"wp-block-heading\"><strong>Cuidados especiais para a barba gigante<\/strong><\/h3>\n\n\n\n<p>Manter os fios de sua barba recordista n\u00e3o \u00e9 tarefa f\u00e1cil. Rudolf aplica hidratante todos os dias e lava a barba a cada duas semanas, um processo que pode levar at\u00e9 uma hora, sem contar os tr\u00eas dias necess\u00e1rios para que ela seque completamente. Apesar do trabalho di\u00e1rio, ele n\u00e3o pretende cortar os pelos t\u00e3o cedo. &#8220;Cortar a barba n\u00e3o est\u00e1 nos planos. Assim como uma \u00e1rvore tem ra\u00edzes, galhos, folhas e frutos, eu tenho no meu cabelo um s\u00edmbolo das minhas pr\u00f3prias ra\u00edzes, do meu crescimento e da minha for\u00e7a&#8221;, declarou o recordista.<\/p>\n\n\n\n<h3 class=\"wp-block-heading\"><strong>Rea\u00e7\u00f5es inusitadas ao seu estilo<\/strong><\/h3>\n\n\n\n<p>Rudolf tamb\u00e9m compartilhou as diversas rea\u00e7\u00f5es que recebe ao andar por Birmingham com sua barba gigante. \u201cAs pessoas olham de formas diferentes: algumas ficam sem acreditar, outras parecem aliviadas. N\u00e3o deveria existir discrimina\u00e7\u00e3o contra o cabelo natural de ningu\u00e9m&#8221;, disse. Ele tamb\u00e9m destacou que, como um homem negro, seu estilo com turbante e t\u00fanica quebra barreiras e causa espanto, especialmente nas pessoas mais conservadoras da cidade.<\/p>\n\n\n\n<h3 class=\"wp-block-heading\"><strong>Criatividade e for\u00e7a atrav\u00e9s da barba<\/strong><\/h3>\n\n\n\n<p>Para Rudolf, a sua barba vai al\u00e9m da est\u00e9tica \u2014 ela \u00e9 uma representa\u00e7\u00e3o de suas ra\u00edzes e de seu desejo de deixar um impacto positivo no mundo. &#8220;Os frutos que eu ofere\u00e7o ao mundo s\u00e3o minha criatividade, meu jeito de compartilhar e cuidar, para tentar deixar o mundo um lugar melhor, mais doce e mais toler\u00e1vel para se viver&#8221;, concluiu.<\/p>\n\n\n\n<figure class=\"wp-block-image size-full\"><img loading=\"lazy\" decoding=\"async\" width=\"1000\" height=\"562\" src=\"https:\/\/portalpopmais.com.br\/wp-content\/uploads\/2025\/10\/image-119.png\" alt=\"\" class=\"wp-image-269978\" title=\"\" srcset=\"https:\/\/portalpopmais.com.br\/wp-content\/uploads\/2025\/10\/image-119.png 1000w, https:\/\/portalpopmais.com.br\/wp-content\/uploads\/2025\/10\/image-119-768x432.png 768w, https:\/\/portalpopmais.com.br\/wp-content\/uploads\/2025\/10\/image-119-18x10.png 18w, https:\/\/portalpopmais.com.br\/wp-content\/uploads\/2025\/10\/image-119-600x337.png 600w\" sizes=\"auto, (max-width: 1000px) 100vw, 1000px\" \/><figcaption class=\"wp-element-caption\">A medi\u00e7\u00e3o da barba de Rudolf Martino \u2014 Foto: Divulga\u00e7\u00e3o\/Guinness World Records<br><\/figcaption><\/figure>\n\n\n\n<p>Com sua barba recordista, Rudolf n\u00e3o s\u00f3 conquistou um t\u00edtulo mundial, mas tamb\u00e9m se tornou um s\u00edmbolo de resist\u00eancia cultural e de afirma\u00e7\u00e3o da sua identidade.<\/p>\n\n\n\n<p><\/p>\n\n\n\n<p><\/p>","protected":false},"excerpt":{"rendered":"<p>Rudolf Martino, morador de Birmingham, Alabama, acaba de entrar para o Guinness World Records por ter a barba natural mais longa do mundo entre pessoas vivas. Com impressionantes 1,06 metro de pelos faciais, ele passou mais de uma d\u00e9cada cultivando sua barba que agora \u00e9 um s\u00edmbolo de sua personalidade \u00fanica. A Inspira\u00e7\u00e3o por tr\u00e1s [&hellip;]<\/p>\n","protected":false},"author":1,"featured_media":269979,"comment_status":"closed","ping_status":"closed","sticky":false,"template":"","format":"standard","meta":{"footnotes":""},"categories":[18707],"tags":[10436],"class_list":["post-269976","post","type-post","status-publish","format-standard","has-post-thumbnail","hentry","category-viral","tag-viral"],"_links":{"self":[{"href":"https:\/\/portalpopmais.com.br\/en\/wp-json\/wp\/v2\/posts\/269976","targetHints":{"allow":["GET"]}}],"collection":[{"href":"https:\/\/portalpopmais.com.br\/en\/wp-json\/wp\/v2\/posts"}],"about":[{"href":"https:\/\/portalpopmais.com.br\/en\/wp-json\/wp\/v2\/types\/post"}],"author":[{"embeddable":true,"href":"https:\/\/portalpopmais.com.br\/en\/wp-json\/wp\/v2\/users\/1"}],"replies":[{"embeddable":true,"href":"https:\/\/portalpopmais.com.br\/en\/wp-json\/wp\/v2\/comments?post=269976"}],"version-history":[{"count":0,"href":"https:\/\/portalpopmais.com.br\/en\/wp-json\/wp\/v2\/posts\/269976\/revisions"}],"wp:featuredmedia":[{"embeddable":true,"href":"https:\/\/portalpopmais.com.br\/en\/wp-json\/wp\/v2\/media\/269979"}],"wp:attachment":[{"href":"https:\/\/portalpopmais.com.br\/en\/wp-json\/wp\/v2\/media?parent=269976"}],"wp:term":[{"taxonomy":"category","embeddable":true,"href":"https:\/\/portalpopmais.com.br\/en\/wp-json\/wp\/v2\/categories?post=269976"},{"taxonomy":"post_tag","embeddable":true,"href":"https:\/\/portalpopmais.com.br\/en\/wp-json\/wp\/v2\/tags?post=269976"}],"curies":[{"name":"wp","href":"https:\/\/api.w.org\/{rel}","templated":true}]}}