{"id":270045,"date":"2025-10-07T14:29:06","date_gmt":"2025-10-07T17:29:06","guid":{"rendered":"https:\/\/portalpopmais.com.br\/?p=270045"},"modified":"2025-10-07T14:29:10","modified_gmt":"2025-10-07T17:29:10","slug":"madrasta-preta-gil-polemica-imovel","status":"publish","type":"post","link":"https:\/\/portalpopmais.com.br\/en\/madrasta-preta-gil-polemica-imovel\/","title":{"rendered":"Flora Gil abre o jogo sobre a suposta venda da mans\u00e3o de Preta Gil avaliada em R$ 15 milh\u00f5es"},"content":{"rendered":"<p>A empres\u00e1ria <strong>Flora Gil<\/strong>, madrasta da cantora <strong><a href=\"https:\/\/portalpopmais.com.br\/en\/trends\/preta-gil\/\" data-type=\"post_tag\" data-id=\"567\">Preta Gil<\/a><\/strong>, usou suas redes sociais nesta segunda-feira (6) para esclarecer os rumores sobre a suposta <strong>venda da mans\u00e3o da artista<\/strong>, localizada no bairro do <strong>Jo\u00e1<\/strong>, no Rio de Janeiro. A resid\u00eancia, avaliada em cerca de <strong>R$ 15 milh\u00f5es<\/strong>, teria sido colocada \u00e0 venda, segundo especula\u00e7\u00f5es que circularam em diversos portais e <a href=\"http:\/\/instagram.com\/sitepopmais\" target=\"_blank\" rel=\"noopener\">redes sociais<\/a> \u2014 informa\u00e7\u00e3o que Flora desmentiu categoricamente.<\/p>\n\n\n\n<ul class=\"wp-block-list\">\n<li><strong>Veja tamb\u00e9m: <\/strong><a href=\"https:\/\/portalpopmais.com.br\/en\/amiga-nega-venda-mansao-preta-gil\/\">Amiga de Preta Gil desmente rumores sobre venda da mans\u00e3o da cantora no Rio de Janeiro<\/a><\/li>\n<\/ul>\n\n\n\n<p>Em uma publica\u00e7\u00e3o no Instagram, a esposa de Gilberto Gil foi direta ao negar a hist\u00f3ria: <em>\u201c\u2018Babados\u2019 mente! A casa de Preta era alugada\u201d<\/em>, escreveu, encerrando as especula\u00e7\u00f5es sobre o caso.<\/p>\n\n\n<div class=\"wp-block-image\">\n<figure class=\"aligncenter size-large\"><img loading=\"lazy\" decoding=\"async\" width=\"1080\" height=\"694\" src=\"https:\/\/portalpopmais.com.br\/wp-content\/uploads\/2025\/07\/Preta-Gil-Compras-Apartamento-1080x694.jpg\" alt=\"preta fil cinzas\" class=\"wp-image-239101\" title=\"\"><figcaption class=\"wp-element-caption\">Preta Gil faleceu em julho de 2025, aos 50 anos &#8211; Foto: Reprodu\u00e7\u00e3o \/ Instagram<\/figcaption><\/figure>\n<\/div>\n\n\n<h3 class=\"wp-block-heading\">Detalhes da propriedade<\/h3>\n\n\n\n<p>O im\u00f3vel em quest\u00e3o fica em uma das \u00e1reas mais valorizadas da Zona Sul carioca, com <strong>vista panor\u00e2mica para a Barra da Tijuca e o elevado do Jo\u00e1<\/strong>. De acordo com o jornalista <strong>Felippeh Campos<\/strong>, a mans\u00e3o \u00e9 um <strong>triplex de luxo<\/strong> com <strong>cinco su\u00edtes, piscina, sauna, varanda, espa\u00e7o gourmet<\/strong> e <strong>duas vagas de garagem<\/strong>, al\u00e9m de uma <strong>ampla \u00e1rea de lazer com vista para o mar<\/strong>.<\/p>\n\n\n\n<p>As especula\u00e7\u00f5es afirmavam que o <strong>filho de Preta Gil<\/strong>, o m\u00fasico <strong>Francisco Gil<\/strong>, seria o respons\u00e1vel por colocar o im\u00f3vel \u00e0 venda. A informa\u00e7\u00e3o, no entanto, foi negada por pessoas pr\u00f3ximas \u00e0 fam\u00edlia. A amiga da cantora, <strong>Malu Barbosa<\/strong>, tamb\u00e9m saiu em defesa do artista: <em>\u201cGente! O povo n\u00e3o cansa de inventar mentiras, n\u00e3o? Que loucura! Fran est\u00e1 na Europa, fazendo tour, e n\u00e3o t\u00e1 vendendo casa nenhuma\u201d<\/em>, declarou nas redes sociais.<\/p>\n\n\n\n<h3 class=\"wp-block-heading\">Repercuss\u00e3o ap\u00f3s o falecimento da cantora<\/h3>\n\n\n\n<p>A not\u00edcia gerou forte repercuss\u00e3o por envolver o nome de Preta Gil, que <strong>faleceu em julho deste ano<\/strong> ap\u00f3s uma longa batalha contra o c\u00e2ncer. Durante os \u00faltimos meses de vida, a cantora viveu em <strong>Nova York<\/strong>, onde realizava um tratamento experimental. Por isso, os boatos sobre a venda da mans\u00e3o foram vistos por muitos f\u00e3s como uma tentativa de explorar a mem\u00f3ria da artista.<\/p>\n\n\n\n<h3 class=\"wp-block-heading\">Posi\u00e7\u00e3o oficial da fam\u00edlia Gil<\/h3>\n\n\n\n<p>Com o pronunciamento de <strong>Flora Gil<\/strong>, os rumores sobre a venda do im\u00f3vel foram <strong>totalmente desmentidos<\/strong>. A empres\u00e1ria refor\u00e7ou que o im\u00f3vel <strong>nunca pertenceu a Francisco Gil<\/strong> e que <strong>n\u00e3o h\u00e1 nenhuma negocia\u00e7\u00e3o de venda em andamento<\/strong>. O esclarecimento serviu como um posicionamento oficial da fam\u00edlia para <strong>p\u00f4r fim \u00e0s especula\u00e7\u00f5es<\/strong> e preservar a imagem e o legado de Preta Gil.<\/p>","protected":false},"excerpt":{"rendered":"<p>A empres\u00e1ria Flora Gil, madrasta da cantora Preta Gil, usou suas redes sociais nesta segunda-feira (6) para esclarecer os rumores sobre a suposta venda da mans\u00e3o da artista, localizada no bairro do Jo\u00e1, no Rio de Janeiro. A resid\u00eancia, avaliada em cerca de R$ 15 milh\u00f5es, teria sido colocada \u00e0 venda, segundo especula\u00e7\u00f5es que circularam [&hellip;]<\/p>\n","protected":false},"author":1,"featured_media":270046,"comment_status":"closed","ping_status":"closed","sticky":false,"template":"","format":"standard","meta":{"footnotes":""},"categories":[173],"tags":[18550,19707,2969,567],"class_list":["post-270045","post","type-post","status-publish","format-standard","has-post-thumbnail","hentry","category-celebridades","tag-destaque","tag-flora-gil","tag-gilberto-gil","tag-preta-gil"],"_links":{"self":[{"href":"https:\/\/portalpopmais.com.br\/en\/wp-json\/wp\/v2\/posts\/270045","targetHints":{"allow":["GET"]}}],"collection":[{"href":"https:\/\/portalpopmais.com.br\/en\/wp-json\/wp\/v2\/posts"}],"about":[{"href":"https:\/\/portalpopmais.com.br\/en\/wp-json\/wp\/v2\/types\/post"}],"author":[{"embeddable":true,"href":"https:\/\/portalpopmais.com.br\/en\/wp-json\/wp\/v2\/users\/1"}],"replies":[{"embeddable":true,"href":"https:\/\/portalpopmais.com.br\/en\/wp-json\/wp\/v2\/comments?post=270045"}],"version-history":[{"count":0,"href":"https:\/\/portalpopmais.com.br\/en\/wp-json\/wp\/v2\/posts\/270045\/revisions"}],"wp:featuredmedia":[{"embeddable":true,"href":"https:\/\/portalpopmais.com.br\/en\/wp-json\/wp\/v2\/media\/270046"}],"wp:attachment":[{"href":"https:\/\/portalpopmais.com.br\/en\/wp-json\/wp\/v2\/media?parent=270045"}],"wp:term":[{"taxonomy":"category","embeddable":true,"href":"https:\/\/portalpopmais.com.br\/en\/wp-json\/wp\/v2\/categories?post=270045"},{"taxonomy":"post_tag","embeddable":true,"href":"https:\/\/portalpopmais.com.br\/en\/wp-json\/wp\/v2\/tags?post=270045"}],"curies":[{"name":"wp","href":"https:\/\/api.w.org\/{rel}","templated":true}]}}