{"id":270224,"date":"2025-10-08T15:23:46","date_gmt":"2025-10-08T18:23:46","guid":{"rendered":"https:\/\/portalpopmais.com.br\/?p=270224"},"modified":"2025-10-08T15:24:51","modified_gmt":"2025-10-08T18:24:51","slug":"nasce-mia-filha-de-lucas-rangel-e-lucas-bley","status":"publish","type":"post","link":"https:\/\/portalpopmais.com.br\/en\/nasce-mia-filha-de-lucas-rangel-e-lucas-bley\/","title":{"rendered":"Nasce Mia, filha de Lucas Rangel e Lucas Bley"},"content":{"rendered":"<p>Lucas Rangel, de 27 anos, e Lucas Bley, de 32, celebram a chegada da primeira filha, Mia, nesta quarta-feira (8). O casal, que oficializou a uni\u00e3o em novembro do ano passado, acompanhou de perto o nascimento da beb\u00ea nos Estados Unidos, por meio de uma gesta\u00e7\u00e3o realizada com barriga solid\u00e1ria.<\/p>\n\n\n\n<p>Vestidos com trajes hospitalares, os dois posaram antes de entrar na sala de parto e compartilharam com os seguidores a emo\u00e7\u00e3o do momento. \u201cProntos para conhecer o rostinho mais lindo do mundo?\u201d, escreveu Rangel. J\u00e1 Bley, emocionado, declarou: \u201cEla \u00e9 a princesa mais linda desse mundo todo! Eu estou completamente apaixonado. Meu amor, o papai te ama tanto.\u201d<\/p>\n\n\n<div class=\"wp-block-image\">\n<figure class=\"aligncenter size-full\"><img loading=\"lazy\" decoding=\"async\" width=\"1000\" height=\"1778\" src=\"https:\/\/portalpopmais.com.br\/wp-content\/uploads\/2025\/10\/561402692-18068936939595420-3152808166961244722-n.jpg\" alt=\"\" class=\"wp-image-270226\" title=\"\" srcset=\"https:\/\/portalpopmais.com.br\/wp-content\/uploads\/2025\/10\/561402692-18068936939595420-3152808166961244722-n.jpg 1000w, https:\/\/portalpopmais.com.br\/wp-content\/uploads\/2025\/10\/561402692-18068936939595420-3152808166961244722-n-768x1366.jpg 768w, https:\/\/portalpopmais.com.br\/wp-content\/uploads\/2025\/10\/561402692-18068936939595420-3152808166961244722-n-864x1536.jpg 864w, https:\/\/portalpopmais.com.br\/wp-content\/uploads\/2025\/10\/561402692-18068936939595420-3152808166961244722-n-7x12.jpg 7w\" sizes=\"auto, (max-width: 1000px) 100vw, 1000px\" \/><figcaption class=\"wp-element-caption\">Foto: Reprodu\u00e7\u00e3o<\/figcaption><\/figure>\n<\/div>\n\n\n<p>Juntos desde 2020, os influenciadores digitais anunciaram a gesta\u00e7\u00e3o em maio deste ano e acompanharam cada etapa com entusiasmo. A prepara\u00e7\u00e3o para a chegada de Mia foi intensa: em agosto, ap\u00f3s uma viagem aos Estados Unidos e ao Jap\u00e3o, os dois voltaram com cinco malas recheadas de itens para o enxoval da beb\u00ea.<\/p>\n\n\n\n<p>Entre as compras mais curiosas est\u00e1 um modelo de beb\u00ea conforto que se transforma em carrinho \u2014 o mesmo usado por celebridades internacionais \u2014 avaliado em cerca de R$ 4 mil. O casal tamb\u00e9m investiu em um aquecedor de len\u00e7os umedecidos e uma &#8220;cafeteira de mamadeiras&#8221;, um dispositivo que prepara automaticamente a f\u00f3rmula, misturando \u00e1gua e p\u00f3 na medida ideal. \u201cMuito legal e economiza super o tempo\u201d, contaram.<\/p>\n\n\n\n<p>A chegada de Mia marca um novo cap\u00edtulo na vida dos dois, que seguem dividindo com o p\u00fablico os detalhes da rotina como pais de primeira viagem.<\/p>\n\n\n\n<p><\/p>","protected":false},"excerpt":{"rendered":"<p>Lucas Rangel, de 27 anos, e Lucas Bley, de 32, celebram a chegada da primeira filha, Mia, nesta quarta-feira (8). O casal, que oficializou a uni\u00e3o em novembro do ano passado, acompanhou de perto o nascimento da beb\u00ea nos Estados Unidos, por meio de uma gesta\u00e7\u00e3o realizada com barriga solid\u00e1ria. Vestidos com trajes hospitalares, os [&hellip;]<\/p>\n","protected":false},"author":1,"featured_media":270225,"comment_status":"closed","ping_status":"closed","sticky":false,"template":"","format":"standard","meta":{"footnotes":""},"categories":[2293],"tags":[8790],"class_list":["post-270224","post","type-post","status-publish","format-standard","has-post-thumbnail","hentry","category-internet","tag-lucas-rangel"],"_links":{"self":[{"href":"https:\/\/portalpopmais.com.br\/en\/wp-json\/wp\/v2\/posts\/270224","targetHints":{"allow":["GET"]}}],"collection":[{"href":"https:\/\/portalpopmais.com.br\/en\/wp-json\/wp\/v2\/posts"}],"about":[{"href":"https:\/\/portalpopmais.com.br\/en\/wp-json\/wp\/v2\/types\/post"}],"author":[{"embeddable":true,"href":"https:\/\/portalpopmais.com.br\/en\/wp-json\/wp\/v2\/users\/1"}],"replies":[{"embeddable":true,"href":"https:\/\/portalpopmais.com.br\/en\/wp-json\/wp\/v2\/comments?post=270224"}],"version-history":[{"count":0,"href":"https:\/\/portalpopmais.com.br\/en\/wp-json\/wp\/v2\/posts\/270224\/revisions"}],"wp:featuredmedia":[{"embeddable":true,"href":"https:\/\/portalpopmais.com.br\/en\/wp-json\/wp\/v2\/media\/270225"}],"wp:attachment":[{"href":"https:\/\/portalpopmais.com.br\/en\/wp-json\/wp\/v2\/media?parent=270224"}],"wp:term":[{"taxonomy":"category","embeddable":true,"href":"https:\/\/portalpopmais.com.br\/en\/wp-json\/wp\/v2\/categories?post=270224"},{"taxonomy":"post_tag","embeddable":true,"href":"https:\/\/portalpopmais.com.br\/en\/wp-json\/wp\/v2\/tags?post=270224"}],"curies":[{"name":"wp","href":"https:\/\/api.w.org\/{rel}","templated":true}]}}