{"id":270373,"date":"2025-10-09T07:48:03","date_gmt":"2025-10-09T10:48:03","guid":{"rendered":"https:\/\/portalpopmais.com.br\/?p=270373"},"modified":"2025-10-09T07:48:05","modified_gmt":"2025-10-09T10:48:05","slug":"jose-de-abreu-embarca-em-nova-lua-de-mel-com-esposa-52-anos-mais-jovem","status":"publish","type":"post","link":"https:\/\/portalpopmais.com.br\/en\/jose-de-abreu-embarca-em-nova-lua-de-mel-com-esposa-52-anos-mais-jovem\/","title":{"rendered":"Jos\u00e9 de Abreu embarca em nova lua de mel com esposa 52 anos mais jovem"},"content":{"rendered":"\n<p class=\"wp-block-paragraph\">O ator <strong><a href=\"https:\/\/portalpopmais.com.br\/trends\/jose-de-abreu\/\" data-type=\"post_tag\" data-id=\"13832\">Jos\u00e9 de Abreu<\/a><\/strong>, de 79 anos, e sua esposa, a maquiadora e influenciadora digital Carol Junger, de 27, est\u00e3o celebrando mais um cap\u00edtulo rom\u00e2ntico de sua hist\u00f3ria de amor. O casal embarcou nesta quarta-feira (9) para a Argentina, onde curte uma segunda lua de mel.<\/p>\n\n\n\n<p class=\"wp-block-paragraph\">A viagem tem um significado especial para os dois: Buenos Aires foi o destino da primeira viagem rom\u00e2ntica do casal, que est\u00e1 junto desde 2019. \u201cIndo pro mesmo lugar da nossa primeira viagem juntos\u201d, escreveu Carol ao compartilhar registros do embarque nas redes sociais. Ela tamb\u00e9m revelou que a viagem \u00e9 uma \u201csegunda lua de mel\u201d.<\/p>\n\n\n\n<p class=\"wp-block-paragraph\">Apesar do relacionamento est\u00e1vel e da sintonia entre os dois, a diferen\u00e7a de idade \u2013 52 anos \u2013 ainda desperta cr\u00edticas e olhares julgadores, como relembra Carol. &#8220;Na nossa primeira viagem, senti preconceito em Buenos Aires. As pessoas olhavam de cima para baixo, com aquele olhar julgador. No Brasil, isso tamb\u00e9m acontece muito&#8221;, afirmou a influenciadora.<\/p>\n\n\n\n<p class=\"wp-block-paragraph\">Ela contou que a experi\u00eancia foi diferente em outros lugares do mundo: \u201cNa Europa, a gente n\u00e3o sente tanto isso. E, principalmente, na Nova Zel\u00e2ndia, onde estamos agora [antes da viagem \u00e0 Argentina], \u00e9 uma sensa\u00e7\u00e3o de liberdade incr\u00edvel, at\u00e9 mais do que na Europa. Aqui \u00e9 muito mais livre.\u201d<\/p>\n\n\n\n<p class=\"wp-block-paragraph\">Carol tamb\u00e9m relembrou como a fam\u00edlia reagiu ao in\u00edcio do namoro com o veterano ator. \u201cMeus pais aceitaram muito bem. Eles sempre me criaram com a ideia de que eu sou adulta, ganho meu dinheiro e fa\u00e7o minhas pr\u00f3prias escolhas. Trabalho desde os 17 anos. Eles conversaram comigo, claro, mas nunca tentaram impor nada\u201d, disse.<\/p>\n\n\n\n<p class=\"wp-block-paragraph\">Sobre a rea\u00e7\u00e3o dos irm\u00e3os, ela comentou que o mais velho, Patrick, foi o \u00fanico que demonstrou ci\u00fames no in\u00edcio. \u201cEle quis saber mais da hist\u00f3ria, ficou curioso. Mas depois que expliquei que estava realmente gostando do Z\u00e9 e que est\u00e1vamos planejando uma vida juntos, ele ficou muito mais tranquilo.\u201d<\/p>\n\n\n\n<p class=\"wp-block-paragraph\">Segundo Carol, a apresenta\u00e7\u00e3o das fam\u00edlias aconteceu naturalmente. \u201cFoi tudo tranquilo tanto com minha fam\u00edlia quanto com a dele. Meus amigos mais pr\u00f3ximos j\u00e1 sabiam, mas os outros ficaram surpresos. No geral, recebi poucos coment\u00e1rios negativos.\u201d<\/p>\n\n\n\n<p class=\"wp-block-paragraph\">O casal segue firme e apaixonado, mostrando que, para eles, o amor est\u00e1 acima de qualquer julgamento. E agora, celebram mais uma vez essa uni\u00e3o em terras portenhas \u2014 com direito a muito romance e mem\u00f3rias revividas.<\/p>\n\n\n<div class=\"wp-block-image\">\n<figure class=\"aligncenter size-full\"><img loading=\"lazy\" decoding=\"async\" width=\"1000\" height=\"1778\" src=\"https:\/\/portalpopmais.com.br\/wp-content\/uploads\/2025\/10\/carolynnejunger-2025-10-08t203323.000z.jpg\" alt=\"\" class=\"wp-image-270371\" title=\"\" srcset=\"https:\/\/portalpopmais.com.br\/wp-content\/uploads\/2025\/10\/carolynnejunger-2025-10-08t203323.000z.jpg 1000w, https:\/\/portalpopmais.com.br\/wp-content\/uploads\/2025\/10\/carolynnejunger-2025-10-08t203323.000z-768x1366.jpg 768w, https:\/\/portalpopmais.com.br\/wp-content\/uploads\/2025\/10\/carolynnejunger-2025-10-08t203323.000z-864x1536.jpg 864w, https:\/\/portalpopmais.com.br\/wp-content\/uploads\/2025\/10\/carolynnejunger-2025-10-08t203323.000z-7x12.jpg 7w\" sizes=\"auto, (max-width: 1000px) 100vw, 1000px\" \/><figcaption class=\"wp-element-caption\">Foto: Reprodu\u00e7\u00e3o<\/figcaption><\/figure>\n<\/div>\n\n<div class=\"wp-block-image\">\n<figure class=\"aligncenter size-full\"><img loading=\"lazy\" decoding=\"async\" width=\"1000\" height=\"1333\" src=\"https:\/\/portalpopmais.com.br\/wp-content\/uploads\/2025\/10\/josedeabreu-2025-10-08t203811.000z.png\" alt=\"\" class=\"wp-image-270374\" title=\"\" srcset=\"https:\/\/portalpopmais.com.br\/wp-content\/uploads\/2025\/10\/josedeabreu-2025-10-08t203811.000z.png 1000w, https:\/\/portalpopmais.com.br\/wp-content\/uploads\/2025\/10\/josedeabreu-2025-10-08t203811.000z-768x1024.png 768w, https:\/\/portalpopmais.com.br\/wp-content\/uploads\/2025\/10\/josedeabreu-2025-10-08t203811.000z-9x12.png 9w\" sizes=\"auto, (max-width: 1000px) 100vw, 1000px\" \/><figcaption class=\"wp-element-caption\">Foto: Reprodu\u00e7\u00e3o<\/figcaption><\/figure>\n<\/div>","protected":false},"excerpt":{"rendered":"<p>O ator Jos\u00e9 de Abreu, de 79 anos, e sua esposa, a maquiadora e influenciadora digital Carol Junger, de 27, est\u00e3o celebrando mais um cap\u00edtulo rom\u00e2ntico de sua hist\u00f3ria de amor. O casal embarcou nesta quarta-feira (9) para a Argentina, onde curte uma segunda lua de mel. A viagem tem um significado especial para os [&hellip;]<\/p>\n","protected":false},"author":1,"featured_media":270370,"comment_status":"closed","ping_status":"closed","sticky":false,"template":"","format":"standard","meta":{"footnotes":""},"categories":[173],"tags":[13832],"class_list":["post-270373","post","type-post","status-publish","format-standard","has-post-thumbnail","hentry","category-celebridades","tag-jose-de-abreu"],"_links":{"self":[{"href":"https:\/\/portalpopmais.com.br\/en\/wp-json\/wp\/v2\/posts\/270373","targetHints":{"allow":["GET"]}}],"collection":[{"href":"https:\/\/portalpopmais.com.br\/en\/wp-json\/wp\/v2\/posts"}],"about":[{"href":"https:\/\/portalpopmais.com.br\/en\/wp-json\/wp\/v2\/types\/post"}],"author":[{"embeddable":true,"href":"https:\/\/portalpopmais.com.br\/en\/wp-json\/wp\/v2\/users\/1"}],"replies":[{"embeddable":true,"href":"https:\/\/portalpopmais.com.br\/en\/wp-json\/wp\/v2\/comments?post=270373"}],"version-history":[{"count":0,"href":"https:\/\/portalpopmais.com.br\/en\/wp-json\/wp\/v2\/posts\/270373\/revisions"}],"wp:featuredmedia":[{"embeddable":true,"href":"https:\/\/portalpopmais.com.br\/en\/wp-json\/wp\/v2\/media\/270370"}],"wp:attachment":[{"href":"https:\/\/portalpopmais.com.br\/en\/wp-json\/wp\/v2\/media?parent=270373"}],"wp:term":[{"taxonomy":"category","embeddable":true,"href":"https:\/\/portalpopmais.com.br\/en\/wp-json\/wp\/v2\/categories?post=270373"},{"taxonomy":"post_tag","embeddable":true,"href":"https:\/\/portalpopmais.com.br\/en\/wp-json\/wp\/v2\/tags?post=270373"}],"curies":[{"name":"wp","href":"https:\/\/api.w.org\/{rel}","templated":true}]}}